{"id":34763,"date":"2026-04-30T08:30:00","date_gmt":"2026-04-30T11:30:00","guid":{"rendered":"https:\/\/www.mutuus.net\/blog\/?p=34763"},"modified":"2026-04-15T15:03:04","modified_gmt":"2026-04-15T18:03:04","slug":"seguro-de-vida-tem-carencia","status":"publish","type":"post","link":"https:\/\/www.mutuus.net\/blog\/seguro-de-vida-tem-carencia\/","title":{"rendered":"Seguro de vida tem car\u00eancia? Veja como funciona, exemplos e import\u00e2ncia de entender os detalhes desse prazo"},"content":{"rendered":"\n<p>O seguro de vida tem car\u00eancia?<\/p>\n\n\n\n<p>Fato \u00e9 que uma das d\u00favidas mais comuns de quem est\u00e1 contratando ou renovando um seguro de vida \u00e9 justamente sobre a car\u00eancia.<\/p>\n\n\n\n<p><em>&#8220;O seguro funciona desde o primeiro dia? E se algo acontecer logo depois de assinar o contrato?&#8221;<\/em><\/p>\n\n\n\n<p>A resposta depende do tipo de cobertura e das condi\u00e7\u00f5es da ap\u00f3lice.<\/p>\n\n\n\n<p>Quem busca contratar a prote\u00e7\u00e3o de forma transparente, sem ser pego de surpresa na hora que mais importa, precisa entender como a car\u00eancia funciona em cada situa\u00e7\u00e3o.<\/p>\n\n\n\n<p>Neste conte\u00fado, voc\u00ea vai conferir quando existe e como funciona a car\u00eancia no seguro de vida.<\/p>\n\n\n\n<h2 class=\"wp-block-heading\" id=\"h-o-que-e-carencia-no-seguro-de-vida\">O que \u00e9 car\u00eancia no seguro de vida?<\/h2>\n\n\n\n<p><strong>Car\u00eancia \u00e9 o tempo m\u00ednimo estabelecido pela seguradora que determina quando as coberturas ainda n\u00e3o est\u00e3o ativas. <\/strong><\/p>\n\n\n\n<p>Esse per\u00edodo come\u00e7a a contar a partir da contrata\u00e7\u00e3o do seguro com pr\u00eamio j\u00e1 pago. Assim, se ocorrer um <a href=\"https:\/\/www.mutuus.net\/blog\/sinistro-significado\/\">sinistro<\/a> dentro desse prazo, a indeniza\u00e7\u00e3o eferente \u00e0 cobertura espec\u00edfica n\u00e3o \u00e9 paga.<\/p>\n\n\n\n<p>Isso n\u00e3o torna o seguro &#8220;in\u00fatil&#8221; nesse per\u00edodo. Afinal, coberturas como morte acidental funcionam desde o primeiro dia. O prazo de espera se aplica a coberturas espec\u00edficas, conforme veremos mais adiante.<\/p>\n\n\n\n<p>A car\u00eancia deve estar prevista de forma clara nas <strong>condi\u00e7\u00f5es gerais do plano<\/strong> e constar expressamente na proposta, na <a href=\"https:\/\/www.mutuus.net\/blog\/apolice\/\">ap\u00f3lice<\/a> ou no certificado individual do segurado. Ali\u00e1s, essa \u00e9 uma regra determinada pela <a href=\"https:\/\/www2.susep.gov.br\/safe\/bnportal\/internet\/pt-BR\/search\/51241\" target=\"_blank\" rel=\"noreferrer noopener nofollow\">Circular SUSEP n\u00ba 667\/2022<\/a>.<\/p>\n\n\n\n<h2 class=\"wp-block-heading\" id=\"h-por-que-existe-carencia-no-seguro-de-vida\">Por que existe car\u00eancia no seguro de vida?<\/h2>\n\n\n\n<p>Em resumo, a car\u00eancia existe para proteger o equil\u00edbrio financeiro do sistema de seguros. <\/p>\n\n\n\n<p>Sem ela, <strong>pessoas de m\u00e1-f\u00e9<\/strong>, que j\u00e1 sabem estar em situa\u00e7\u00e3o de risco, poderiam contratar o seguro \u00e0s v\u00e9speras de um evento previs\u00edvel para se beneficiarem. Isso tornaria a opera\u00e7\u00e3o insustent\u00e1vel para as seguradoras e, consequentemente, mais cara para todos os segurados.<\/p>\n\n\n\n<p>A car\u00eancia tamb\u00e9m \u00e9 uma forma de a seguradora <strong>mitigar o risco de contrata\u00e7\u00e3o sem exame m\u00e9dico<\/strong>. Em planos coletivos, por exemplo, onde a ades\u00e3o \u00e9 feita sem declara\u00e7\u00e3o de sa\u00fade detalhada, a car\u00eancia compensa a aus\u00eancia de triagem pr\u00e9via dos riscos individuais.<\/p>\n\n\n\n<p>Para o segurado que contrata com anteced\u00eancia e planejamento, a car\u00eancia n\u00e3o representa um problema real. O seguro de vida tem car\u00eancia exatamente porque deve ser contratado antes que o risco se materialize.<\/p>\n\n\n\n<p>Confira tamb\u00e9m: <strong><a href=\"https:\/\/www.mutuus.net\/blog\/carencia-do-seguro\">Car\u00eancia do seguro: qual a import\u00e2ncia de entender esse per\u00edodo e como ele funciona?<\/a><\/strong><\/p>\n\n\n\n<h2 class=\"wp-block-heading\" id=\"h-como-funciona-a-carencia-no-seguro-de-vida\">Como funciona a car\u00eancia no seguro de vida?<\/h2>\n\n\n\n<p>A car\u00eancia come\u00e7a a contar a partir de um de tr\u00eas momentos, conforme a <strong>Circular SUSEP n\u00ba 667\/2022<\/strong>: <\/p>\n\n\n\n<ol class=\"wp-block-list\">\n<li>no in\u00edcio da vig\u00eancia do contrato;<\/li>\n\n\n\n<li>quando h\u00e1 aumento do capital segurado;<\/li>\n\n\n\n<li>quando o contrato \u00e9 reconduzido ap\u00f3s uma suspens\u00e3o.<\/li>\n<\/ol>\n\n\n\n<p><\/p>\n\n\n\n<p>Durante esse per\u00edodo, o <a href=\"https:\/\/www.mutuus.net\/blog\/premio-de-seguro-o-que-significa\/\">pr\u00eamio<\/a> \u00e9 pago normalmente, ou seja, o segurado n\u00e3o fica isento do pagamento. <strong>O que fica suspenso \u00e9 o direito \u00e0 indeniza\u00e7\u00e3o das coberturas sujeitas a car\u00eancia.<\/strong><\/p>\n\n\n\n<p>Aqui vai um detalhe importante: a <a href=\"https:\/\/www2.susep.gov.br\/safe\/scripts\/bnweb\/bnmapi.exe?router=upload\/26145\" target=\"_blank\" rel=\"noreferrer noopener nofollow\">Resolu\u00e7\u00e3o CNSP n\u00ba 439\/2022<\/a> n\u00e3o permite a contagem de novo prazo de car\u00eancia nos casos de renova\u00e7\u00e3o da ap\u00f3lice ou migra\u00e7\u00e3o entre planos da mesma seguradora. <\/p>\n\n\n\n<p>Isso significa que <strong>quem renova o seguro n\u00e3o precisa cumprir a car\u00eancia novamente<\/strong>, pois j\u00e1 foi cumprida na contrata\u00e7\u00e3o original.<\/p>\n\n\n\n<p><\/p>\n\n\n<script type=\"text\/javascript\" src=\"https:\/\/mautic.mutuus.net\/form\/generate.js?id=31\"><\/script>\n\n\n\n<h2 class=\"wp-block-heading\" id=\"h-seguro-de-vida-tem-carencia-em-quais-coberturas\">Seguro de vida t\u00eam car\u00eancia em quais coberturas?<\/h2>\n\n\n\n<p>Nem todas as coberturas do seguro de vida t\u00eam car\u00eancia. <strong>Isso porque o que define a exist\u00eancia da car\u00eancia \u00e9 a natureza do risco coberto.<\/strong><\/p>\n\n\n\n<p>De forma geral, coberturas para eventos s\u00fabitos e imprevis\u00edveis, como acidentes, n\u00e3o t\u00eam car\u00eancia. J\u00e1 algumas coberturas para eventos que podem ser antecipados ou que dependem de condi\u00e7\u00f5es de sa\u00fade preexistentes tendem a ter prazo de espera.<\/p>\n\n\n\n<p>A seguir, como funciona a car\u00eancia em cada cobertura principal.<\/p>\n\n\n\n<h3 class=\"wp-block-heading\" id=\"h-carencia-para-morte-natural-no-seguro-de-vida\">Car\u00eancia para morte natural no seguro de vida<\/h3>\n\n\n\n<p>A cobertura de morte natural \u00e9 a que mais frequentemente tem car\u00eancia, com <strong>prazos geralmente entre 30 e 24 meses para essa cobertura<\/strong>, com prazo m\u00e1ximo de dois anos determinado pela SUSEP. <\/p>\n\n\n\n<p>Quando h\u00e1 triagem inicial, como declara\u00e7\u00e3o de sa\u00fade ou exame m\u00e9dico, a car\u00eancia para morte natural tende a ser menor ou n\u00e3o existir no seguro. J\u00e1 em planos simples, sem declara\u00e7\u00e3o de sa\u00fade, a car\u00eancia tende a ser maior.<\/p>\n\n\n\n<h3 class=\"wp-block-heading\" id=\"h-carencia-para-morte-acidental-no-seguro-de-vida\">Car\u00eancia para morte acidental no seguro de vida<\/h3>\n\n\n\n<p>Como mencionado, a morte acidental em geral n\u00e3o tem car\u00eancia, com cobertura em vigor desde o in\u00edcio da vig\u00eancia do contrato. <\/p>\n\n\n\n<p><strong>A exce\u00e7\u00e3o \u00e9 o suic\u00eddio<\/strong>: de acordo com a legisla\u00e7\u00e3o civil e a regulamenta\u00e7\u00e3o dos seguros, o suic\u00eddio n\u00e3o deve ser coberto nos dois primeiros dois anos de vig\u00eancia do contrato. Ap\u00f3s esse per\u00edodo, o suic\u00eddio \u00e9 equiparado a <a href=\"https:\/\/www.mutuus.net\/blog\/seguro-acidentes-pessoais-como-funciona\">acidente pessoal<\/a> para fins de cobertura.<\/p>\n\n\n\n<h3 class=\"wp-block-heading\" id=\"h-carencia-para-doencas-graves-no-seguro-de-vida\">Car\u00eancia para doen\u00e7as graves no seguro de vida<\/h3>\n\n\n\n<p>A cobertura de doen\u00e7as graves, como c\u00e2ncer, infarto agudo do mioc\u00e1rdio e AVC, entre outras, costuma ter car\u00eancia, com <strong>prazos que variam entre 60 e 180 dias<\/strong> para a maioria das doen\u00e7as. Os prazos podem ser determinados pela seguradora com conforme o tipo de doen\u00e7a, por exemplo.<\/p>\n\n\n\n<h3 class=\"wp-block-heading\" id=\"h-carencia-para-invalidez-no-seguro-de-vida\">Car\u00eancia para invalidez no seguro de vida<\/h3>\n\n\n\n<p>A cobertura de invalidez permanente por acidente n\u00e3o tem car\u00eancia. A cobertura de invalidez por doen\u00e7a, quando dispon\u00edvel, pode ter prazo de espera similar ao da cobertura de doen\u00e7as graves, dependendo do plano e da seguradora.<\/p>\n\n\n\n<h2 class=\"wp-block-heading\" id=\"h-existe-seguro-de-vida-sem-carencia\">Existe seguro de vida sem car\u00eancia?<\/h2>\n\n\n\n<p><strong>Sim. <\/strong>Como visto acima, \u00e9 o caso de coberturas por acidentes pessoais: morte acidental, invalidez por acidente, despesas m\u00e9dicas decorrentes de acidente, que n\u00e3o conta com car\u00eancia na maioria dos contratos. <\/p>\n\n\n\n<p>Isso est\u00e1 alinhado com a natureza do evento: um acidente \u00e9, por defini\u00e7\u00e3o, s\u00fabito, involunt\u00e1rio e externo, fazendo com que a exist\u00eancia de um prazo espec\u00edfico n\u00e3o fa\u00e7a sentido.<\/p>\n\n\n\n<p>A SUSEP confirma esse entendimento: segundo informa em seu site oficial, n\u00e3o h\u00e1 prazo de car\u00eancia para sinistros decorrentes de acidentes pessoais. A \u00fanica exce\u00e7\u00e3o prevista em lei \u00e9, como vimos, o suic\u00eddio.<\/p>\n\n\n\n<h2 class=\"wp-block-heading\" id=\"h-qual-o-prazo-de-carencia-no-seguro-de-vida\">Qual o prazo de car\u00eancia no seguro de vida?<\/h2>\n\n\n\n<p>Os prazos variam conforme a cobertura e a seguradora, mas h\u00e1 um limite m\u00e1ximo definido pela regulamenta\u00e7\u00e3o: <strong>a car\u00eancia n\u00e3o pode ultrapassar dois anos e n\u00e3o pode exceder metade do prazo de vig\u00eancia da ap\u00f3lice.<\/strong><\/p>\n\n\n\n<p>Os prazos mais praticados no mercado s\u00e3o:<\/p>\n\n\n\n<ul class=\"wp-block-list\">\n<li>Morte acidental: sem car\u00eancia;<\/li>\n<\/ul>\n\n\n\n<p><\/p>\n\n\n\n<ul class=\"wp-block-list\">\n<li>Morte natural: de 30 dias a 24 meses, dependendo do plano;<\/li>\n<\/ul>\n\n\n\n<p><\/p>\n\n\n\n<ul class=\"wp-block-list\">\n<li>Doen\u00e7as graves: de 60 a 180 dias, com varia\u00e7\u00f5es por doen\u00e7a;<\/li>\n<\/ul>\n\n\n\n<p><\/p>\n\n\n\n<ul class=\"wp-block-list\">\n<li>Invalidez por acidente: sem car\u00eancia;<\/li>\n<\/ul>\n\n\n\n<p><\/p>\n\n\n\n<ul class=\"wp-block-list\">\n<li>Invalidez por doen\u00e7a: vari\u00e1vel conforme o plano;<\/li>\n<\/ul>\n\n\n\n<p><\/p>\n\n\n\n<ul class=\"wp-block-list\">\n<li>Suic\u00eddio: dois anos, por determina\u00e7\u00e3o legal.<\/li>\n<\/ul>\n\n\n\n<h2 class=\"wp-block-heading\" id=\"h-o-que-acontece-se-o-sinistro-ocorrer-durante-a-carencia\">O que acontece se o sinistro ocorrer durante a car\u00eancia?<\/h2>\n\n\n\n<p><strong>Se o sinistro ocorrer durante o prazo de car\u00eancia de uma cobertura espec\u00edfica, a indeniza\u00e7\u00e3o referente \u00e0quela cobertura n\u00e3o \u00e9 paga. <\/strong><\/p>\n\n\n\n<p>Esse \u00e9 o principal motivo pelo qual o seguro de vida deve ser contratado com anteced\u00eancia, e n\u00e3o em situa\u00e7\u00e3o de urg\u00eancia ou quando a pessoa j\u00e1 percebe que sua sa\u00fade est\u00e1 se deteriorando.<\/p>\n\n\n\n<h2 class=\"wp-block-heading\" id=\"h-qual-a-diferenca-entre-carencia-e-franquia-no-seguro-de-vida\">Qual a diferen\u00e7a entre car\u00eancia e franquia no seguro de vida?<\/h2>\n\n\n\n<p>Tratam-se de conceitos diferentes. Vamos explicar:<\/p>\n\n\n\n<p><strong>Car\u00eancia <\/strong>\u00e9 um prazo contado a partir da contrata\u00e7\u00e3o do seguro durante o qual determinadas coberturas ainda n\u00e3o est\u00e3o ativas, restringindo temporariamente o funcionamento do contrato. <strong><a href=\"https:\/\/www.mutuus.net\/blog\/franquia-de-seguro\">Franquia<\/a> <\/strong>\u00e9 um valor ou per\u00edodo que fica por conta do segurado em cada sinistro. <\/p>\n\n\n\n<p>No contexto de seguros de vida, ela aparece com mais frequ\u00eancia em coberturas de di\u00e1ria por interna\u00e7\u00e3o hospitalar, onde a seguradora s\u00f3 come\u00e7a a pagar a partir de um determinado n\u00famero de dias de interna\u00e7\u00e3o, por exemplo.<\/p>\n\n\n\n<p>Na pr\u00e1tica, a diferen\u00e7a \u00e9 que a car\u00eancia acontece uma vez, no in\u00edcio do contrato, e <strong>depois deixa de existir<\/strong>. <\/p>\n\n\n\n<p>J\u00e1 a franquia, quando existe, se aplica em cada sinistro <strong>ao longo de toda a vig\u00eancia da ap\u00f3lice<\/strong>.<\/p>\n\n\n\n<h2 class=\"wp-block-heading\" id=\"h-quando-a-carencia-comeca-a-contar-no-seguro-de-vida\">Quando a car\u00eancia come\u00e7a a contar no seguro de vida?<\/h2>\n\n\n\n<p>Conforme a <strong>Circular SUSEP n\u00ba 667\/2022<\/strong>, a car\u00eancia pode come\u00e7ar a contar:<\/p>\n\n\n\n<ul class=\"wp-block-list\">\n<li><strong>in\u00edcio da vig\u00eancia do contrat<\/strong>o, ou seja, na data em que o contrato entra em vigor;<\/li>\n<\/ul>\n\n\n\n<p><\/p>\n\n\n\n<ul class=\"wp-block-list\">\n<li><strong>aumento do capital segurado<\/strong>, quando esse pedido \u00e9 feito pelo segurado durante a vig\u00eancia do contrato;<\/li>\n<\/ul>\n\n\n\n<p><\/p>\n\n\n\n<ul class=\"wp-block-list\">\n<li><strong>quando o contrato \u00e9 reativado ap\u00f3s suspens\u00e3o <\/strong>por falta de pagamento, com car\u00eancia contada a partir da data de reativa\u00e7\u00e3o.<\/li>\n<\/ul>\n\n\n\n<h2 class=\"wp-block-heading\" id=\"h-e-possivel-reduzir-ou-eliminar-a-carencia-no-seguro-de-vida\">\u00c9 poss\u00edvel reduzir ou eliminar a car\u00eancia no seguro de vida?<\/h2>\n\n\n\n<p>Em alguns casos, sim, como:<\/p>\n\n\n\n<ul class=\"wp-block-list\">\n<li><strong>Exame m\u00e9dico na contrata\u00e7\u00e3o:<\/strong> seguros que exigem declara\u00e7\u00e3o de sa\u00fade detalhada ou exame m\u00e9dico no ato da ades\u00e3o tendem a ter car\u00eancias menores, pois o risco j\u00e1 foi avaliado com mais precis\u00e3o;<\/li>\n<\/ul>\n\n\n\n<p><\/p>\n\n\n\n<ul class=\"wp-block-list\">\n<li><strong>Portabilidade ou migra\u00e7\u00e3o de plano:<\/strong> a Resolu\u00e7\u00e3o CNSP n\u00ba 439\/2022 veda a contagem de novo prazo de car\u00eancia em casos de migra\u00e7\u00e3o entre planos. Ou seja, quem j\u00e1 cumpriu a car\u00eancia em um plano anterior n\u00e3o precisa cumpri-la novamente ao migrar;<\/li>\n<\/ul>\n\n\n\n<p><\/p>\n\n\n\n<ul class=\"wp-block-list\">\n<li><strong>Renova\u00e7\u00e3o do contrato:<\/strong> a mesma resolu\u00e7\u00e3o impede que a seguradora imponha nova car\u00eancia na renova\u00e7\u00e3o de um contrato j\u00e1 vigente;<\/li>\n<\/ul>\n\n\n\n<p><\/p>\n\n\n\n<ul class=\"wp-block-list\">\n<li><strong>Negocia\u00e7\u00e3o com a seguradora:<\/strong> em planos coletivos contratados por empresas para grupos grandes de funcion\u00e1rios, as condi\u00e7\u00f5es de car\u00eancia podem ser negociadas, especialmente quando o grupo migra de outro plano e j\u00e1 tem car\u00eancia cumprida.<\/li>\n<\/ul>\n\n\n\n<h2 class=\"wp-block-heading\" id=\"h-seguro-de-vida-vale-a-pena-mesmo-com-carencia\">Seguro de vida vale a pena mesmo com car\u00eancia?<\/h2>\n\n\n\n<p>Sim, e a car\u00eancia n\u00e3o \u00e9 um motivo para adiar a contrata\u00e7\u00e3o do seguro de vida. Pelo contr\u00e1rio: \u00e9 exatamente o argumento que voc\u00ea precisa para contratar o quanto antes!<\/p>\n\n\n\n<p><strong>A l\u00f3gica \u00e9 simples: quanto mais cedo voc\u00ea contrata, mais cedo a car\u00eancia \u00e9 cumprida e mais cedo voc\u00ea tem acesso \u00e0 cobertura completa. <\/strong><\/p>\n\n\n\n<p>Quem espera at\u00e9 sentir que precisa do seguro pode estar esperando tarde demais. Tanto porque a car\u00eancia ainda vai precisar ser cumprida, quanto porque condi\u00e7\u00f5es de sa\u00fade que surgem antes da contrata\u00e7\u00e3o podem ser enquadradas como preexistentes e limitar coberturas.<\/p>\n\n\n\n<p>Se voc\u00ea busca contratar o seguro de vida, saiba que se trata de um <strong>produto de longo prazo<\/strong>. <\/p>\n\n\n\n<p>A car\u00eancia \u00e9 um prazo relativamente curto dentro de uma prote\u00e7\u00e3o que pode durar d\u00e9cadas. Sendo assim, deixar de contratar por causa da car\u00eancia \u00e9 um dos erros mais comuns e pode acabar saindo muito caro.<\/p>\n\n\n\n<h2 class=\"wp-block-heading\" id=\"h-como-contratar-seguro-de-vida\">Como contratar seguro de vida?<\/h2>\n\n\n\n<p>A <strong>Mutuus Seguros<\/strong> pode ajudar na contrata\u00e7\u00e3o para empresas que querem oferecer essa cobertura aos seus funcion\u00e1rios!<\/p>\n\n\n\n<p>Temos um time de especialistas para explicar as condi\u00e7\u00f5es de car\u00eancia de cada plano, comparar op\u00e7\u00f5es de diferentes seguradoras e orientar na escolha mais adequada para o seu perfil.<\/p>\n\n\n\n<p>O processo \u00e9 feito de forma totalmente online, sem burocracia e com suporte especializado em cada etapa.&nbsp;<\/p>\n\n\n\n<p>Fale com a <strong><a href=\"https:\/\/www.mutuus.net\/\" target=\"_blank\" rel=\"noreferrer noopener\">Mutuus<\/a><\/strong> e entenda quais coberturas fazem sentido para a sua situa\u00e7\u00e3o!<\/p>\n\n\n\n<div class=\"wp-block-buttons is-content-justification-center is-layout-flex wp-container-core-buttons-is-layout-a89b3969 wp-block-buttons-is-layout-flex\">\n<div class=\"wp-block-button\"><a class=\"wp-block-button__link has-background wp-element-button\" href=\"https:\/\/forms.mutuus.net\/?utm_source=mutuus&amp;utm_medium=blog-post&amp;utm_campaign=seguro-de-vida-tem-carencia&amp;utm_term=&amp;utm_content=\" style=\"border-radius:8px;background-color:#eb6662\" target=\"_blank\" rel=\"noreferrer noopener\">Simular seguro de vida com a Mutuus<\/a><\/div>\n<\/div>\n","protected":false},"excerpt":{"rendered":"<p>O seguro de vida tem car\u00eancia? Fato \u00e9 que uma das d\u00favidas mais comuns de quem est\u00e1 contratando ou renovando um seguro de vida \u00e9 justamente sobre a car\u00eancia. &#8220;O seguro funciona desde o primeiro dia? E se algo acontecer logo depois de assinar o contrato?&#8221; A resposta depende do tipo de cobertura e das [&hellip;]<\/p>\n","protected":false},"author":23,"featured_media":0,"comment_status":"open","ping_status":"closed","sticky":false,"template":"","format":"standard","meta":{"footnotes":""},"categories":[4],"tags":[4599,2296,2293,5238],"class_list":["post-34763","post","type-post","status-publish","format-standard","hentry","category-seguro-de-vida-em-grupo","tag-carencia-do-seguro","tag-carencia-seguro-de-vida","tag-seguro-de-vida","tag-seguro-de-vida-tem-carencia"],"yoast_head":"<!-- This site is optimized with the Yoast SEO Premium plugin v27.2 (Yoast SEO v27.5) - https:\/\/yoast.com\/product\/yoast-seo-premium-wordpress\/ -->\n<title>Seguro de Vida Tem Car\u00eancia? Guia Completo + Exemplos<\/title>\n<meta name=\"description\" content=\"Seguro de vida tem car\u00eancia? Entenda como funciona esse per\u00edodo, quando se aplica e o que pode afetar a cobertura.\" \/>\n<meta name=\"robots\" content=\"index, follow, max-snippet:-1, max-image-preview:large, max-video-preview:-1\" \/>\n<link rel=\"canonical\" href=\"https:\/\/www.mutuus.net\/blog\/seguro-de-vida-tem-carencia\/\" \/>\n<meta property=\"og:locale\" content=\"pt_BR\" \/>\n<meta property=\"og:type\" content=\"article\" \/>\n<meta property=\"og:title\" content=\"Seguro de vida tem car\u00eancia? Veja como funciona, exemplos e import\u00e2ncia de entender os detalhes desse prazo\" \/>\n<meta property=\"og:description\" content=\"O seguro de vida tem car\u00eancia? Fato \u00e9 que uma das d\u00favidas mais comuns de quem est\u00e1 contratando ou renovando um seguro de vida \u00e9 justamente sobre a\" \/>\n<meta property=\"og:url\" content=\"https:\/\/www.mutuus.net\/blog\/seguro-de-vida-tem-carencia\/\" \/>\n<meta property=\"og:site_name\" content=\"Mutuus Seguros\" \/>\n<meta property=\"article:publisher\" content=\"http:\/\/facebook.com\/mutuus.seguros\" \/>\n<meta property=\"article:published_time\" content=\"2026-04-30T11:30:00+00:00\" \/>\n<meta property=\"og:image\" content=\"https:\/\/www.mutuus.net\/blog\/wp-content\/uploads\/logo-mutuus-seguros_1200x728.png\" \/>\n\t<meta property=\"og:image:width\" content=\"1200\" \/>\n\t<meta property=\"og:image:height\" content=\"729\" \/>\n\t<meta property=\"og:image:type\" content=\"image\/png\" \/>\n<meta name=\"author\" content=\"Guilherme Bitencourt\" \/>\n<meta name=\"twitter:card\" content=\"summary_large_image\" \/>\n<meta name=\"twitter:label1\" content=\"Escrito por\" \/>\n\t<meta name=\"twitter:data1\" content=\"Guilherme Bitencourt\" \/>\n\t<meta name=\"twitter:label2\" content=\"Est. tempo de leitura\" \/>\n\t<meta name=\"twitter:data2\" content=\"10 minutos\" \/>\n<!-- \/ Yoast SEO Premium plugin. -->","yoast_head_json":{"title":"Seguro de Vida Tem Car\u00eancia? Guia Completo + Exemplos","description":"Seguro de vida tem car\u00eancia? Entenda como funciona esse per\u00edodo, quando se aplica e o que pode afetar a cobertura.","robots":{"index":"index","follow":"follow","max-snippet":"max-snippet:-1","max-image-preview":"max-image-preview:large","max-video-preview":"max-video-preview:-1"},"canonical":"https:\/\/www.mutuus.net\/blog\/seguro-de-vida-tem-carencia\/","og_locale":"pt_BR","og_type":"article","og_title":"Seguro de vida tem car\u00eancia? Veja como funciona, exemplos e import\u00e2ncia de entender os detalhes desse prazo","og_description":"O seguro de vida tem car\u00eancia? Fato \u00e9 que uma das d\u00favidas mais comuns de quem est\u00e1 contratando ou renovando um seguro de vida \u00e9 justamente sobre a","og_url":"https:\/\/www.mutuus.net\/blog\/seguro-de-vida-tem-carencia\/","og_site_name":"Mutuus Seguros","article_publisher":"http:\/\/facebook.com\/mutuus.seguros","article_published_time":"2026-04-30T11:30:00+00:00","og_image":[{"width":1200,"height":729,"url":"https:\/\/www.mutuus.net\/blog\/wp-content\/uploads\/logo-mutuus-seguros_1200x728.png","type":"image\/png"}],"author":"Guilherme Bitencourt","twitter_card":"summary_large_image","twitter_misc":{"Escrito por":"Guilherme Bitencourt","Est. tempo de leitura":"10 minutos"},"schema":{"@context":"https:\/\/schema.org","@graph":[{"@type":"Article","@id":"https:\/\/www.mutuus.net\/blog\/seguro-de-vida-tem-carencia\/#article","isPartOf":{"@id":"https:\/\/www.mutuus.net\/blog\/seguro-de-vida-tem-carencia\/"},"author":{"name":"Guilherme Bitencourt","@id":"https:\/\/www.mutuus.net\/blog\/#\/schema\/person\/115fc015cbc6cba92cdb5ffe4b2f316a"},"headline":"Seguro de vida tem car\u00eancia? Veja como funciona, exemplos e import\u00e2ncia de entender os detalhes desse prazo","datePublished":"2026-04-30T11:30:00+00:00","mainEntityOfPage":{"@id":"https:\/\/www.mutuus.net\/blog\/seguro-de-vida-tem-carencia\/"},"wordCount":1925,"commentCount":0,"publisher":{"@id":"https:\/\/www.mutuus.net\/blog\/#organization"},"keywords":["car\u00eancia do seguro","car\u00eancia seguro de vida","seguro de vida","seguro de vida tem car\u00eancia"],"articleSection":["Seguro de vida em grupo"],"inLanguage":"pt-BR","potentialAction":[{"@type":"CommentAction","name":"Comment","target":["https:\/\/www.mutuus.net\/blog\/seguro-de-vida-tem-carencia\/#respond"]}]},{"@type":"WebPage","@id":"https:\/\/www.mutuus.net\/blog\/seguro-de-vida-tem-carencia\/","url":"https:\/\/www.mutuus.net\/blog\/seguro-de-vida-tem-carencia\/","name":"Seguro de Vida Tem Car\u00eancia? Guia Completo + Exemplos","isPartOf":{"@id":"https:\/\/www.mutuus.net\/blog\/#website"},"datePublished":"2026-04-30T11:30:00+00:00","description":"Seguro de vida tem car\u00eancia? Entenda como funciona esse per\u00edodo, quando se aplica e o que pode afetar a cobertura.","breadcrumb":{"@id":"https:\/\/www.mutuus.net\/blog\/seguro-de-vida-tem-carencia\/#breadcrumb"},"inLanguage":"pt-BR","potentialAction":[{"@type":"ReadAction","target":["https:\/\/www.mutuus.net\/blog\/seguro-de-vida-tem-carencia\/"]}]},{"@type":"BreadcrumbList","@id":"https:\/\/www.mutuus.net\/blog\/seguro-de-vida-tem-carencia\/#breadcrumb","itemListElement":[{"@type":"ListItem","position":1,"name":"Home","item":"https:\/\/www.mutuus.net\/blog\/"},{"@type":"ListItem","position":2,"name":"Seguro de vida tem car\u00eancia? Veja como funciona, exemplos e import\u00e2ncia de entender os detalhes desse prazo"}]},{"@type":"WebSite","@id":"https:\/\/www.mutuus.net\/blog\/#website","url":"https:\/\/www.mutuus.net\/blog\/","name":"Mutuus Seguros","description":"Cote, compare, compre e gerencie todos os seguros de sua empresa","publisher":{"@id":"https:\/\/www.mutuus.net\/blog\/#organization"},"potentialAction":[{"@type":"SearchAction","target":{"@type":"EntryPoint","urlTemplate":"https:\/\/www.mutuus.net\/blog\/?s={search_term_string}"},"query-input":{"@type":"PropertyValueSpecification","valueRequired":true,"valueName":"search_term_string"}}],"inLanguage":"pt-BR"},{"@type":"Organization","@id":"https:\/\/www.mutuus.net\/blog\/#organization","name":"Mutuus Seguros","alternateName":"Mutuus","url":"https:\/\/www.mutuus.net\/blog\/","logo":{"@type":"ImageObject","inLanguage":"pt-BR","@id":"https:\/\/www.mutuus.net\/blog\/#\/schema\/logo\/image\/","url":"https:\/\/www.mutuus.net\/blog\/wp-content\/uploads\/logo-mutuus-seguros_1200x728.png","contentUrl":"https:\/\/www.mutuus.net\/blog\/wp-content\/uploads\/logo-mutuus-seguros_1200x728.png","width":1200,"height":729,"caption":"Mutuus Seguros"},"image":{"@id":"https:\/\/www.mutuus.net\/blog\/#\/schema\/logo\/image\/"},"sameAs":["http:\/\/facebook.com\/mutuus.seguros","https:\/\/www.instagram.com\/mutuus.seguros","https:\/\/www.linkedin.com\/company\/mutuus\/"],"email":"seguros@mutuus.net","telephone":"3003-8387","foundingDate":"2018-01-01","vatID":"08246344000197"},{"@type":"Person","@id":"https:\/\/www.mutuus.net\/blog\/#\/schema\/person\/115fc015cbc6cba92cdb5ffe4b2f316a","name":"Guilherme Bitencourt"}]}},"_links":{"self":[{"href":"https:\/\/www.mutuus.net\/blog\/wp-json\/wp\/v2\/posts\/34763","targetHints":{"allow":["GET"]}}],"collection":[{"href":"https:\/\/www.mutuus.net\/blog\/wp-json\/wp\/v2\/posts"}],"about":[{"href":"https:\/\/www.mutuus.net\/blog\/wp-json\/wp\/v2\/types\/post"}],"author":[{"embeddable":true,"href":"https:\/\/www.mutuus.net\/blog\/wp-json\/wp\/v2\/users\/23"}],"replies":[{"embeddable":true,"href":"https:\/\/www.mutuus.net\/blog\/wp-json\/wp\/v2\/comments?post=34763"}],"version-history":[{"count":7,"href":"https:\/\/www.mutuus.net\/blog\/wp-json\/wp\/v2\/posts\/34763\/revisions"}],"predecessor-version":[{"id":34872,"href":"https:\/\/www.mutuus.net\/blog\/wp-json\/wp\/v2\/posts\/34763\/revisions\/34872"}],"wp:attachment":[{"href":"https:\/\/www.mutuus.net\/blog\/wp-json\/wp\/v2\/media?parent=34763"}],"wp:term":[{"taxonomy":"category","embeddable":true,"href":"https:\/\/www.mutuus.net\/blog\/wp-json\/wp\/v2\/categories?post=34763"},{"taxonomy":"post_tag","embeddable":true,"href":"https:\/\/www.mutuus.net\/blog\/wp-json\/wp\/v2\/tags?post=34763"}],"curies":[{"name":"wp","href":"https:\/\/api.w.org\/{rel}","templated":true}]}}