{"id":21766,"date":"2024-05-03T11:16:36","date_gmt":"2024-05-03T14:16:36","guid":{"rendered":"https:\/\/www.mutuus.net\/blog\/?p=21766"},"modified":"2025-05-14T15:10:36","modified_gmt":"2025-05-14T18:10:36","slug":"seguro-para-equipamentos-fotograficos-o-que-e","status":"publish","type":"post","link":"https:\/\/www.mutuus.net\/blog\/seguro-para-equipamentos-fotograficos-o-que-e\/","title":{"rendered":"Seguro para equipamentos fotogr\u00e1ficos: o que essa prote\u00e7\u00e3o cobre, quem pode contratar e quais as vantagens?"},"content":{"rendered":"\n<p>O <strong>seguro para equipamentos fotogr\u00e1ficos<\/strong> \u00e9 essencial para qualquer um que fa\u00e7a da captura de imagens uma parte significativa da sua vida, seja como profiss\u00e3o ou por paix\u00e3o. <\/p>\n\n\n\n<p>Se voc\u00ea \u00e9 fot\u00f3grafo profissional ou amador, propriet\u00e1rio de um est\u00fadio ou possui uma empresa de produ\u00e7\u00e3o audiovisual que investe consideravelmente em equipamentos, continue por aqui.<\/p>\n\n\n\n<p>Todos sabemos que c\u00e2meras, lentes, ilumina\u00e7\u00e3o e acess\u00f3rios diversos n\u00e3o apenas comp\u00f5em a espinha dorsal das suas atividades, mas, principalmente, representam um investimento substancial que necessita de prote\u00e7\u00e3o adequada contra perdas e danos.<\/p>\n\n\n\n<p>Proteger seus ativos atrav\u00e9s de uma <a href=\"https:\/\/www.mutuus.net\/blog\/apolice\/\">ap\u00f3lice de seguros<\/a> espec\u00edfica n\u00e3o s\u00f3 oferece tranquilidade \u2014 tamb\u00e9m garante a continuidade dos trabalhos frente a imprevistos.&nbsp;<\/p>\n\n\n\n<p>Neste artigo, voc\u00ea encontrar\u00e1 informa\u00e7\u00f5es sobre as vantagens do seguro para equipamentos fotogr\u00e1ficos, explorando diferentes tipos de coberturas dispon\u00edveis e obtendo orienta\u00e7\u00f5es sobre como selecionar a ap\u00f3lice mais adequada \u00e0s suas necessidades individuais.&nbsp;<\/p>\n\n\n\n<h2 class=\"wp-block-heading\" id=\"h-o-que-e-o-seguro-para-equipamentos-fotograficos\">O que \u00e9 o seguro para equipamentos fotogr\u00e1ficos?<\/h2>\n\n\n\n<p>Este seguro \u00e9 uma ap\u00f3lice especializada e destinada a proteger o investimento feito em equipamentos de fotografia contra perdas ou danos. \u00c9 primordialmente crucial na prote\u00e7\u00e3o de uma variedade de riscos associados ao uso, transporte e armazenamento de equipamentos fotogr\u00e1ficos.<\/p>\n\n\n\n<p>Esse tipo de equipamento usualmente \u00e9 transportado e utilizado em diversos locais, sendo que ambientes externos se tornam prop\u00edcios a aumentar os riscos envolvidos.<\/p>\n\n\n\n<p>\u00c9 comum acontecer roubo de equipamentos ou perda de instrumentos, por exemplo, al\u00e9m de outros diversos riscos do cotidiano associados. Dessa forma, contratar um seguro que evite preju\u00edzos \u00e9 essencial.&nbsp;<\/p>\n\n\n\n<p>A contrata\u00e7\u00e3o do seguro pode, inclusive, ser feita para equipamentos que foram adquiridos fora do pa\u00eds; basta apresentar a nota fiscal de compra. <\/p>\n\n\n\n<p>Al\u00e9m disso, o seguro pode ser feito para lentes, trip\u00e9s&nbsp;e outros acess\u00f3rios. Vale a pena consultar as suas necessidades espec\u00edficas para encontrar uma ap\u00f3lice que se encaixe no seu perfil ou da sua empresa.<\/p>\n\n\n\n<h2 class=\"wp-block-heading\" id=\"h-quem-pode-fazer-o-seguro-para-equipamentos-fotograficos\">Quem pode fazer o seguro para equipamentos fotogr\u00e1ficos?<\/h2>\n\n\n\n<p>O seguro para equipamentos fotogr\u00e1ficos \u00e9 projetado para atender uma ampla gama de pessoas e entidades que utilizam estes equipamentos de forma regular, seja por hobby ou profissionalmente.<\/p>\n\n\n\n<p>Confira agora quem pode se beneficiar com este tipo de seguro:<\/p>\n\n\n\n<ul class=\"wp-block-list\">\n<li><strong>Fot\u00f3grafos profissionais:<\/strong> Indiv\u00edduos que trabalham com fotografia independente do ramo e que frequentemente investem em equipamentos caros e que precisam de prote\u00e7\u00e3o contra poss\u00edveis preju\u00edzos;<\/li>\n<\/ul>\n\n\n\n<p><\/p>\n\n\n\n<ul class=\"wp-block-list\">\n<li><strong>Amadores: <\/strong>Pessoas entusiastas da fotografia e que t\u00eam equipamentos que querem proteger contra danos ou perdas, mesmo que a fotografia n\u00e3o seja sua fonte principal de renda;<\/li>\n<\/ul>\n\n\n\n<p><\/p>\n\n\n\n<ul class=\"wp-block-list\">\n<li><strong>Donos de est\u00fadios fotogr\u00e1ficos: <\/strong>Propriet\u00e1rios de est\u00fadios que possuem uma variedade de equipamentos, desde c\u00e2meras, lentes e ilumina\u00e7\u00e3o, e precisam proteger seus ativos contra danos ou roubos;<\/li>\n<\/ul>\n\n\n\n<p><\/p>\n\n\n\n<ul class=\"wp-block-list\">\n<li><strong>Empresas de produ\u00e7\u00e3o audiovisual: <\/strong>Empresas que lidam com produ\u00e7\u00e3o de v\u00eddeos e utilizam equipamentos fotogr\u00e1ficos e similares;<\/li>\n<\/ul>\n\n\n\n<p><\/p>\n\n\n\n<ul class=\"wp-block-list\">\n<li><strong>Institui\u00e7\u00f5es educacionais: <\/strong>Escolas e universidades que oferecem cursos de fotografia e possuem equipamentos para uso de alunos;<\/li>\n<\/ul>\n\n\n\n<p><\/p>\n\n\n\n<ul class=\"wp-block-list\">\n<li><strong>Ag\u00eancias de publicidade e marketing:<\/strong> Empresas que fazem sess\u00f5es fotogr\u00e1ficas para campanhas publicit\u00e1rias tamb\u00e9m s\u00e3o candidatas ideais para esse seguro, garantindo que os equipamentos sejam rapidamente reparados ou substitu\u00eddos em caso de imprevistos;<\/li>\n<\/ul>\n\n\n\n<p><\/p>\n\n\n\n<ul class=\"wp-block-list\">\n<li><strong>Fotojornalistas:<\/strong> Profissionais que trabalham em ambientes de alto risco, zonas de conflito ou regi\u00f5es afetadas por desastres naturais;<\/li>\n<\/ul>\n\n\n\n<p><\/p>\n\n\n\n<ul class=\"wp-block-list\">\n<li><strong>Blogueiros e influenciadores digitais: <\/strong>Aqueles que usam fotografia para suportar seus conte\u00fados online, engajar o p\u00fablico e que possuem equipamentos a serem protegidos;<\/li>\n<\/ul>\n\n\n\n<p><\/p>\n\n\n\n<ul class=\"wp-block-list\">\n<li><strong>Viajantes e aventureiros: <\/strong>Pessoas que viajam frequentemente ou participam de expedi\u00e7\u00f5es em condi\u00e7\u00f5es extremas ou de risco.<\/li>\n<\/ul>\n\n\n\n<p><\/p>\n\n\n\n<p>Em resumo, o seguro para equipamentos fotogr\u00e1ficos \u00e9 extremamente flex\u00edvel e pode ser adaptado para atender \u00e0s necessidades de uma ampla variedade de usu\u00e1rios.<\/p>\n\n\n\n<h2 class=\"wp-block-heading\" id=\"h-seguro-para-equipamentos-fotograficos-como-funciona-na-pratica\">Seguro para equipamentos fotogr\u00e1ficos: como funciona na pr\u00e1tica?<\/h2>\n\n\n\n<p>Este seguro possui cobertura nacional em qualquer contrata\u00e7\u00e3o (e internacional, a depender da cobertura contratada), sendo v\u00e1lido sem restri\u00e7\u00e3o para ambientes internos e externos. Usualmente possui vig\u00eancia \u00fanica de 1 ano. <\/p>\n\n\n\n<p>O seguro \u00e9 efetivado com o recebimento da proposta para a assinatura, mas h\u00e1 algumas vig\u00eancias de cobertura em prazos mais curtos.<\/p>\n\n\n\n<p>Por exemplo, h\u00e1 op\u00e7\u00f5es de seguro de evento e at\u00e9 mesmo de <a href=\"https:\/\/www.mutuus.net\/blog\/seguro-cinematografico-o-que-e\/\">produ\u00e7\u00f5es de filmes<\/a>, que permitem a contrata\u00e7\u00e3o de cobertura de equipamentos durante o transporte ou uso.<\/p>\n\n\n\n<h2 class=\"wp-block-heading\" id=\"h-quais-os-beneficios-de-contratar-o-seguro-para-equipamentos-fotograficos\">Quais os benef\u00edcios de contratar o seguro para equipamentos fotogr\u00e1ficos?<\/h2>\n\n\n\n<p>Benef\u00edcios e vantagens n\u00e3o faltam, dentre os principais podemos destacar a <strong>rapidez e agilidade em adquirir essa cobertura<\/strong>. <\/p>\n\n\n\n<p>O contrato muitas vezes pode ser efetivado no mesmo dia da cota\u00e7\u00e3o do seguro, basta entrar em contato com corretores de seguro de confian\u00e7a que suas esclare\u00e7am d\u00favidas e auxiliem na melhor escolha.<\/p>\n\n\n\n<p>A <strong>flexibilidade<\/strong> \u00e9 outra quest\u00e3o muito atrativa no seguro para equipamentos fotogr\u00e1ficos, uma vez que voc\u00ea pode contratar as coberturas que mais fazem sentido para seu dia a dia de trabalho ou, ainda, de acordo com as necessidades da sua empresa.<\/p>\n\n\n\n<p>Por fim, a <strong>seguran\u00e7a garantida e tranquilidade <\/strong>diante de imprevistos tamb\u00e9m \u00e9 um benef\u00edcio, bem como o suporte financeiro para n\u00e3o ficar desamparado no seu dia a dia de trabalho, por exemplo.<\/p>\n\n\n\n<h2 class=\"wp-block-heading\" id=\"h-quais-as-coberturas-do-seguro-para-equipamentos-fotograficos\">Quais as coberturas do seguro para equipamentos fotogr\u00e1ficos?<\/h2>\n\n\n\n<p>A partir do momento que voc\u00ea compreende a import\u00e2ncia de investir em um seguro de equipamentos, torna-se inevit\u00e1vel compreender quais as principais coberturas envolvidas.<\/p>\n\n\n\n<p>Atualmente, h\u00e1 diversas coberturas oferecidas por diferentes <a href=\"https:\/\/www.mutuus.net\/blog\/seguradoras-tudo-sobre-o-assunto\/\">seguradoras<\/a>. Para voc\u00ea garantir a prote\u00e7\u00e3o adequada, conhe\u00e7a agora os riscos associados mais usuais \u00e0 posse desses valiosos ativos:<\/p>\n\n\n\n<h3 class=\"wp-block-heading\" id=\"h-danos-fisicos\">Danos f\u00edsicos<\/h3>\n\n\n\n<p>Essa cobertura protege contra riscos e acidentes que podem ocorrer durante o uso normal dos equipamentos, tais como: quedas, colis\u00f5es ou qualquer impacto f\u00edsico que possa danificar as c\u00e2meras, lentes e demais acess\u00f3rios cobertos pela ap\u00f3lice.<\/p>\n\n\n\n<h3 class=\"wp-block-heading\" id=\"h-furto-qualificado-e-roubo\">Furto qualificado e roubo<\/h3>\n\n\n\n<p>Uma das principais prote\u00e7\u00f5es para qualquer fot\u00f3grafo: essa cobertura assegura compensa\u00e7\u00e3o em casos de furto qualificado ou roubo de equipamentos.&nbsp;<\/p>\n\n\n\n<p>\u00c9 particularmente importante para aqueles que trabalham em locais p\u00fablicos ou que transportam frequentemente seu equipamento para diferentes locais.<\/p>\n\n\n\n<h3 class=\"wp-block-heading\" id=\"h-danos-eletricos\">Danos el\u00e9tricos<\/h3>\n\n\n\n<p>Esta cobertura protege contra danos causados aos equipamentos em decorr\u00eancia de falhas el\u00e9tricas ou curto-circuitos que podem afetar o funcionamento interno dos equipamentos.&nbsp;<\/p>\n\n\n\n<p>Isso inclui danos causados por sobrecargas de energia, que s\u00e3o especialmente perigosos para dispositivos eletr\u00f4nicos delicados como c\u00e2meras digitais e computadores.<\/p>\n\n\n\n<h3 class=\"wp-block-heading\" id=\"h-danos-por-agua\">Danos por \u00e1gua<\/h3>\n\n\n\n<p>Fot\u00f3grafos que trabalham em ambientes externos ou em condi\u00e7\u00f5es clim\u00e1ticas variadas n\u00e3o podem ficar sem esta prote\u00e7\u00e3o. <\/p>\n\n\n\n<p>Essa cobertura protege contra uma gama de condi\u00e7\u00f5es clim\u00e1ticas variadas que envolvam \u00e1gua, como chuvas, inunda\u00e7\u00f5es ou acidentes que envolvam a submers\u00e3o ou o contato do equipamento com l\u00edquidos.<\/p>\n\n\n\n<h3 class=\"wp-block-heading\" id=\"h-garantia-internacional\">Garantia internacional<\/h3>\n\n\n\n<p>Para os profissionais que viajam para o exterior, seja para sess\u00f5es de fotos ou eventos, a garantia internacional assegura a prote\u00e7\u00e3o dos equipamentos mesmo fora do territ\u00f3rio nacional, oferecendo prote\u00e7\u00e3o global.&nbsp;<\/p>\n\n\n\n<h3 class=\"wp-block-heading\" id=\"h-perda-ou-pagamento-de-aluguel\">Perda ou pagamento de aluguel<\/h3>\n\n\n\n<p>No caso de danos ao equipamento segurado e havendo a necessidade de substitui\u00e7\u00e3o ou reparo, esta cobertura pode cobrir o custo de alugar o equipamento durante esse per\u00edodo.<\/p>\n\n\n\n<p>Dessa forma, o profissional pode continuar trabalhando sem interrup\u00e7\u00f5es significativas, mesmo diante dos mais diversos contratempos.&nbsp;<\/p>\n\n\n\n<p>\u00c9 importante ressaltar que, neste caso, o locat\u00e1rio pode contratar a cobertura, garantindo, assim, a indeniza\u00e7\u00e3o para contrata\u00e7\u00e3o ou aluguel de outro equipamento para terminar seu trabalho.<\/p>\n\n\n\n<p>E no caso de contrata\u00e7\u00e3o pelo locador, garante indeniza\u00e7\u00e3o nos casos de n\u00e3o pagamento do aluguel de terceiros.<\/p>\n\n\n\n<h2 class=\"wp-block-heading\" id=\"h-quais-os-riscos-excluidos-do-seguro-para-equipamentos-fotograficos\">Quais os riscos exclu\u00eddos do seguro para equipamentos fotogr\u00e1ficos?<\/h2>\n\n\n\n<p>Os riscos exclu\u00eddos podem variar de acordo com a seguradora contratada, entretanto, os mais usuais s\u00e3o:<\/p>\n\n\n\n<ul class=\"wp-block-list\">\n<li>Extors\u00e3o, estelionato, apropria\u00e7\u00e3o ind\u00e9bita, furto qualificado e roubo praticados contra o patrim\u00f4nio do segurado por seus funcion\u00e1rios ou prepostos, estes agindo por conta pr\u00f3pria ou por terceiros;<\/li>\n<\/ul>\n\n\n\n<p><\/p>\n\n\n\n<ul class=\"wp-block-list\">\n<li>Desaparecimento inexplic\u00e1vel ou extravio;<\/li>\n<\/ul>\n\n\n\n<p><\/p>\n\n\n\n<ul class=\"wp-block-list\">\n<li>Bens segurados deixados no interior de ve\u00edculos independente do lugar;<\/li>\n<\/ul>\n\n\n\n<p><\/p>\n\n\n\n<ul class=\"wp-block-list\">\n<li>Quebra, queda, amassamento ou arranhadura, salvo se estiverem cobertos;<\/li>\n<\/ul>\n\n\n\n<p><\/p>\n\n\n\n<ul class=\"wp-block-list\">\n<li>Neglig\u00eancia na utiliza\u00e7\u00e3o ou no emprego dos equipamentos;<\/li>\n<\/ul>\n\n\n\n<p><\/p>\n\n\n\n<ul class=\"wp-block-list\">\n<li>Danos preexistentes ao in\u00edcio das coberturas, que j\u00e1 eram de conhecimento do segurado ou prepostos;<\/li>\n<\/ul>\n\n\n\n<p><\/p>\n\n\n\n<ul class=\"wp-block-list\">\n<li>Aparelhos utilizados de maneira impr\u00f3pria, condi\u00e7\u00f5es inadequadas ou uso excessivo, acima da capacidade normal de trabalho;<\/li>\n<\/ul>\n\n\n\n<p><\/p>\n\n\n\n<ul class=\"wp-block-list\">\n<li>Danos decorrentes de manuten\u00e7\u00e3o deficiente ou inadequada;<\/li>\n<\/ul>\n\n\n\n<p><\/p>\n\n\n\n<ul class=\"wp-block-list\">\n<li>Vandalismo;<\/li>\n<\/ul>\n\n\n\n<p><\/p>\n\n\n\n<ul class=\"wp-block-list\">\n<li>Infiltra\u00e7\u00e3o de \u00e1gua, subst\u00e2ncia l\u00edquidas ou semelhantes \u2014 exceto se coberto por cobertura espec\u00edfica;<\/li>\n<\/ul>\n\n\n\n<p><\/p>\n\n\n\n<ul class=\"wp-block-list\">\n<li>Atos dolosos ou il\u00edcitos ou ainda por <a href=\"https:\/\/www.mutuus.net\/blog\/culpa-em-apolices\/\">culpa<\/a> grave equipar\u00e1vel de dolo praticado pelo segurado.<\/li>\n<\/ul>\n\n\n\n<h2 class=\"wp-block-heading\" id=\"h-quanto-custa-o-seguro-para-equipamentos-fotograficos\">Quanto custa o seguro para equipamentos fotogr\u00e1ficos?<\/h2>\n\n\n\n<p>N\u00e3o existe um valor pr\u00e9-estabelecido. <\/p>\n\n\n\n<p>Isso porque h\u00e1 diversas coberturas para o seguros de equipamentos fotogr\u00e1ficos, dos mais baratos que cobrem necessidades b\u00e1sicas de amadores ou estudantes da \u00e1rea at\u00e9 coberturas robustas para fot\u00f3grafos que t\u00eam equipamentos de alto valor, ou, ainda, para produtoras e locadoras de equipamentos.<\/p>\n\n\n\n<p>Por\u00e9m, independente das coberturas contratadas, o pr\u00eamio do seguro possui um limite m\u00ednimo, que varia de acordo com a seguradora. Para saber exatamente o valor do pr\u00eamio mensal da sua cobertura, realize um or\u00e7amento personalizado para as suas necessidades. Voc\u00ea pode simular rapidamente <a href=\"https:\/\/forms.mutuus.net\/?utm_source=mutuus&amp;utm_medium=blog-post&amp;utm_campaign=https:\/\/www.mutuus.net\/blog\/seguro-para-equipamentos-fotograficos-o-que-e\/&amp;utm_term=&amp;utm_content=\" target=\"_blank\" rel=\"noreferrer noopener\">clicando aqui<\/a>.<\/p>\n\n\n\n<h2 class=\"wp-block-heading\" id=\"h-quais-seguradoras-fazem-seguro-para-equipamentos-fotograficos\">Quais seguradoras fazem seguro para equipamentos fotogr\u00e1ficos?<\/h2>\n\n\n\n<p>Existe uma gama de seguradoras de confian\u00e7a no mercado. Algumas delas s\u00e3o:<\/p>\n\n\n\n<ul class=\"wp-block-list\">\n<li>Porto Seguros;<\/li>\n\n\n\n<li>Allianz;<\/li>\n\n\n\n<li>SulAm\u00e9rica;<\/li>\n\n\n\n<li>Mapfre Seguros;<\/li>\n\n\n\n<li>Liberty Seguros;<\/li>\n\n\n\n<li>Zurich Seguradora;<\/li>\n\n\n\n<li><a href=\"https:\/\/www.mutuus.net\/blog\/tokio-marine-seguradora\/\">Tokio Marine Seguradora<\/a>;<\/li>\n\n\n\n<li>Sompo Seguros;<\/li>\n<\/ul>\n\n\n\n<h2 class=\"wp-block-heading\" id=\"h-incidente-com-os-equipamentos-fotograficos-como-acionar-o-seguro\">Incidente com os equipamentos fotogr\u00e1ficos: como acionar o seguro?<\/h2>\n\n\n\n<p>Acionar o seguro em caso de incidentes n\u00e3o \u00e9 complicado, mas voc\u00ea deve tomar alguns cuidados importantes. <\/p>\n\n\n\n<p>Assim, para garantir que voc\u00ea fa\u00e7a tudo da forma adequada e n\u00e3o prejudique a avalia\u00e7\u00e3o do <a href=\"https:\/\/www.mutuus.net\/blog\/sinistro-significado\/\">sinistro<\/a> e perca por algum motivo a indeniza\u00e7\u00e3o, confira o passo a passo:<\/p>\n\n\n\n<ul class=\"wp-block-list\">\n<li><strong>Avalie o dano e garanta a prote\u00e7\u00e3o:<\/strong> Certifique-se, antes de mais nada, da extens\u00e3o dos danos ao seu equipamento. Tire fotos para comprovar o estado se poss\u00edvel;<\/li>\n<\/ul>\n\n\n\n<p><\/p>\n\n\n\n<ul class=\"wp-block-list\">\n<li><strong>Notifique imediatamente a seguradora:<\/strong> Contate a seguradora ou seu corretor de seguros o mais r\u00e1pido poss\u00edvel para notificar sobre o incidente; na maioria das vezes, h\u00e1 um prazo limite para voc\u00ea informar sobre o sinistro;<\/li>\n<\/ul>\n\n\n\n<p><\/p>\n\n\n\n<ul class=\"wp-block-list\">\n<li><strong>Re\u00fana a documenta\u00e7\u00e3o adequada: <\/strong>Relat\u00f3rio da ocorr\u00eancia; fotos dos danos; notas fiscais e descri\u00e7\u00e3o detalhada do ocorrido;<\/li>\n<\/ul>\n\n\n\n<p><\/p>\n\n\n\n<ul class=\"wp-block-list\">\n<li><strong>Aguarde a avalia\u00e7\u00e3o da seguradora: <\/strong>Ap\u00f3s submeter sua reclama\u00e7\u00e3o, a seguradora ir\u00e1 avaliar os danos, podendo enviar um perito at\u00e9 o local ou n\u00e3o a depender da necessidade;<\/li>\n<\/ul>\n\n\n\n<p><\/p>\n\n\n\n<ul class=\"wp-block-list\">\n<li><strong>Repara\u00e7\u00e3o ou substitui\u00e7\u00e3o:<\/strong> De acordo com os termos e condi\u00e7\u00f5es da sua ap\u00f3lice, a seguradora ir\u00e1 reparar ou substituir os equipamentos danificados. Em alguns casos, poder\u00e1 haver o reembolso do valor do equipamento;<\/li>\n<\/ul>\n\n\n\n<p><\/p>\n\n\n\n<ul class=\"wp-block-list\">\n<li><strong>Acompanhamento:<\/strong> Por fim, mantenha um registro das comunica\u00e7\u00f5es realizadas com a seguradora at\u00e9 que todo processo seja conclu\u00eddo de forma satisfat\u00f3ria e eficiente.<\/li>\n<\/ul>\n\n\n\n<p><\/p>\n\n\n\n<p>Seguir estes passos ir\u00e1 ajudar voc\u00ea a garantir o recebimento da prote\u00e7\u00e3o e suporte financeiro necess\u00e1rio, de acordo com o oferecido pela sua ap\u00f3lice de seguro.<\/p>\n\n\n\n<p>Por fim, vale lembrar que, em caso de roubo, \u00e9 importante fazer o boletim de ocorr\u00eancia, que voc\u00ea pode realizar pela internet de forma r\u00e1pida e pr\u00e1tica.<\/p>\n\n\n\n<ul class=\"wp-block-list\">\n<li>Leia tamb\u00e9m: <a href=\"https:\/\/www.mutuus.net\/blog\/seguro-para-equipamentos-de-som-o-que-e\/\">Seguro para equipamentos de som: como funciona essa prote\u00e7\u00e3o, qual a import\u00e2ncia e como contratar<\/a><\/li>\n<\/ul>\n\n\n\n<h2 class=\"wp-block-heading\" id=\"h-como-contratar-o-seguro-para-equipamentos-fotograficos-nbsp\">Como contratar o seguro para equipamentos fotogr\u00e1ficos?&nbsp;<\/h2>\n\n\n\n<p>Voc\u00ea pode realizar a cota\u00e7\u00e3o e contrata\u00e7\u00e3o do seguro para equipamentos fotogr\u00e1ficos de maneira totalmente online e segura.<\/p>\n\n\n\n<p>Com a<strong> Mutuus Seguros<\/strong>, voc\u00ea pode simular o valor do seguro, al\u00e9m de contar com especialistas para realizar a contrata\u00e7\u00e3o da ap\u00f3lice que mais se encaixar com as suas necessidades. Basta seguir estes passos simples:<\/p>\n\n\n\n<ol class=\"wp-block-list\">\n<li>Solicite a cota\u00e7\u00e3o preenchendo o formul\u00e1rio com os dados necess\u00e1rios;<\/li>\n\n\n\n<li>Estando em acordo, basta responder o e-mail com os dados solicitados; e<\/li>\n\n\n\n<li>Voc\u00ea receber\u00e1 a proposta do seguro emitida e validada.<\/li>\n<\/ol>\n\n\n\n<p><\/p>\n\n\n\n<p>Lembre-se sempre de conferir as informa\u00e7\u00f5es inseridas na proposta, assine o documento e encaminhe de volta \u00e0 <a href=\"https:\/\/www.mutuus.net\/blog\/corretora-de-seguros-o-que-e\/\">corretora<\/a> juntamente com o envio de todos os documentos necess\u00e1rios.<\/p>\n\n\n\n<p>N\u00f3s da <strong>Mutuus Seguros<\/strong> trabalhamos em parceria com as melhores seguradoras do mercado, defendendo seus interesses e ajudando a proteger seus bens mais importantes.<\/p>\n\n\n\n<p>Prezamos pela agilidade na emiss\u00e3o da sua ap\u00f3lice, negociamos os contratos junto \u00e0s seguradoras e possu\u00edmos, ainda, experi\u00eancia na obten\u00e7\u00e3o de limites para a realiza\u00e7\u00e3o do neg\u00f3cio.&nbsp;<\/p>\n\n\n\n<p>Ademais, contamos com atendimento personalizado realizado diretamente com nossos especialistas, que estar\u00e3o a disposi\u00e7\u00e3o para tirar suas d\u00favidas e orient\u00e1-lo durante todo processo de contrata\u00e7\u00e3o.<\/p>\n\n\n\n<div class=\"wp-block-buttons is-content-justification-center is-layout-flex wp-container-core-buttons-is-layout-a89b3969 wp-block-buttons-is-layout-flex\">\n<div class=\"wp-block-button\"><a class=\"wp-block-button__link has-background wp-element-button\" href=\"https:\/\/forms.mutuus.net\/?utm_source=mutuus&amp;utm_medium=blog-post&amp;utm_campaign=https:\/\/www.mutuus.net\/blog\/seguro-para-equipamentos-fotograficos-o-que-e\/&amp;utm_term=&amp;utm_content=\" style=\"border-radius:8px;background-color:#eb6662\" target=\"_blank\" rel=\"noreferrer noopener\">Quero simular meu Seguro Equipamentos Fotogr\u00e1ficos com a Mutuus<\/a><\/div>\n<\/div>\n\n\n\n<h2 class=\"wp-block-heading\" id=\"h-conclusao\">Conclus\u00e3o<\/h2>\n\n\n\n<p>O seguro para equipamentos fotogr\u00e1ficos \u00e9 a seguran\u00e7a que ir\u00e1 garantir a indeniza\u00e7\u00e3o do equipamento, uma vez que estiver adequado \u00e0s coberturas escolhidas e contratadas.&nbsp;<\/p>\n\n\n\n<p>Voc\u00ea pode contratar este seguro para cobrir equipamentos pr\u00f3prios ou alugados, tanto dentro quanto fora do territ\u00f3rio nacional.<\/p>\n\n\n\n<p>Essa modalidade de seguro proporciona a voc\u00ea fot\u00f3grafo ou empresa especializada um custo extremamente acess\u00edvel para manter a prote\u00e7\u00e3o dos seus equipamentos e, consequentemente, fazer com que voc\u00ea foque nas suas atividades com tranquilidade e seguran\u00e7a.<\/p>\n\n\n\n<p>Como vimos, este seguro conta com diversas vantagens, afinal, protege seu bem e instrumento de trabalho. Oferece, tamb\u00e9m, a possibilidade de contrata\u00e7\u00e3o de coberturas adicionais que se encaixem nas suas necessidades. Ent\u00e3o, n\u00e3o deixe para amanh\u00e3: fa\u00e7a sua cota\u00e7\u00e3o hoje mesmo e esteja protegido!<\/p>\n","protected":false},"excerpt":{"rendered":"<p>O seguro para equipamentos fotogr\u00e1ficos \u00e9 essencial para qualquer um que fa\u00e7a da captura de imagens uma parte significativa da sua vida, seja como profiss\u00e3o ou por paix\u00e3o. Se voc\u00ea \u00e9 fot\u00f3grafo profissional ou amador, propriet\u00e1rio de um est\u00fadio ou possui uma empresa de produ\u00e7\u00e3o audiovisual que investe consideravelmente em equipamentos, continue por aqui. Todos [&hellip;]<\/p>\n","protected":false},"author":27,"featured_media":0,"comment_status":"open","ping_status":"open","sticky":false,"template":"","format":"standard","meta":{"footnotes":""},"categories":[2936],"tags":[3760,3759,2666],"class_list":["post-21766","post","type-post","status-publish","format-standard","hentry","category-seguro-patrimonial","tag-seguro-equipamento-fotografico","tag-seguro-para-equipamentos-fotograficos","tag-seguro-patrimonial"],"yoast_head":"<!-- This site is optimized with the Yoast SEO Premium plugin v27.2 (Yoast SEO v27.5) - https:\/\/yoast.com\/product\/yoast-seo-premium-wordpress\/ -->\n<title>Seguro para Equipamentos Fotogr\u00e1ficos: Como Funciona?<\/title>\n<meta name=\"description\" content=\"Como funciona o seguro para equipamentos fotogr\u00e1ficos e quais coberturas oferece? Descubra isso e muito mais neste conte\u00fado.\" \/>\n<meta name=\"robots\" content=\"index, follow, max-snippet:-1, max-image-preview:large, max-video-preview:-1\" \/>\n<link rel=\"canonical\" href=\"https:\/\/www.mutuus.net\/blog\/seguro-para-equipamentos-fotograficos-o-que-e\/\" \/>\n<meta property=\"og:locale\" content=\"pt_BR\" \/>\n<meta property=\"og:type\" content=\"article\" \/>\n<meta property=\"og:title\" content=\"Seguro para equipamentos fotogr\u00e1ficos: o que essa prote\u00e7\u00e3o cobre, quem pode contratar e quais as vantagens?\" \/>\n<meta property=\"og:description\" content=\"O seguro para equipamentos fotogr\u00e1ficos \u00e9 essencial para qualquer um que fa\u00e7a da captura de imagens uma parte significativa da sua vida, seja como\" \/>\n<meta property=\"og:url\" content=\"https:\/\/www.mutuus.net\/blog\/seguro-para-equipamentos-fotograficos-o-que-e\/\" \/>\n<meta property=\"og:site_name\" content=\"Mutuus Seguros\" \/>\n<meta property=\"article:publisher\" content=\"http:\/\/facebook.com\/mutuus.seguros\" \/>\n<meta property=\"article:published_time\" content=\"2024-05-03T14:16:36+00:00\" \/>\n<meta property=\"article:modified_time\" content=\"2025-05-14T18:10:36+00:00\" \/>\n<meta property=\"og:image\" content=\"https:\/\/www.mutuus.net\/blog\/wp-content\/uploads\/logo-mutuus-seguros_1200x728.png\" \/>\n\t<meta property=\"og:image:width\" content=\"1200\" \/>\n\t<meta property=\"og:image:height\" content=\"729\" \/>\n\t<meta property=\"og:image:type\" content=\"image\/png\" \/>\n<meta name=\"author\" content=\"Tatiana Martinotto\" \/>\n<meta name=\"twitter:card\" content=\"summary_large_image\" \/>\n<meta name=\"twitter:label1\" content=\"Escrito por\" \/>\n\t<meta name=\"twitter:data1\" content=\"Tatiana Martinotto\" \/>\n\t<meta name=\"twitter:label2\" content=\"Est. tempo de leitura\" \/>\n\t<meta name=\"twitter:data2\" content=\"12 minutos\" \/>\n<!-- \/ Yoast SEO Premium plugin. -->","yoast_head_json":{"title":"Seguro para Equipamentos Fotogr\u00e1ficos: Como Funciona?","description":"Como funciona o seguro para equipamentos fotogr\u00e1ficos e quais coberturas oferece? Descubra isso e muito mais neste conte\u00fado.","robots":{"index":"index","follow":"follow","max-snippet":"max-snippet:-1","max-image-preview":"max-image-preview:large","max-video-preview":"max-video-preview:-1"},"canonical":"https:\/\/www.mutuus.net\/blog\/seguro-para-equipamentos-fotograficos-o-que-e\/","og_locale":"pt_BR","og_type":"article","og_title":"Seguro para equipamentos fotogr\u00e1ficos: o que essa prote\u00e7\u00e3o cobre, quem pode contratar e quais as vantagens?","og_description":"O seguro para equipamentos fotogr\u00e1ficos \u00e9 essencial para qualquer um que fa\u00e7a da captura de imagens uma parte significativa da sua vida, seja como","og_url":"https:\/\/www.mutuus.net\/blog\/seguro-para-equipamentos-fotograficos-o-que-e\/","og_site_name":"Mutuus Seguros","article_publisher":"http:\/\/facebook.com\/mutuus.seguros","article_published_time":"2024-05-03T14:16:36+00:00","article_modified_time":"2025-05-14T18:10:36+00:00","og_image":[{"width":1200,"height":729,"url":"https:\/\/www.mutuus.net\/blog\/wp-content\/uploads\/logo-mutuus-seguros_1200x728.png","type":"image\/png"}],"author":"Tatiana Martinotto","twitter_card":"summary_large_image","twitter_misc":{"Escrito por":"Tatiana Martinotto","Est. tempo de leitura":"12 minutos"},"schema":{"@context":"https:\/\/schema.org","@graph":[{"@type":"Article","@id":"https:\/\/www.mutuus.net\/blog\/seguro-para-equipamentos-fotograficos-o-que-e\/#article","isPartOf":{"@id":"https:\/\/www.mutuus.net\/blog\/seguro-para-equipamentos-fotograficos-o-que-e\/"},"author":{"name":"Tatiana Martinotto","@id":"https:\/\/www.mutuus.net\/blog\/#\/schema\/person\/aa58c21558e23548ddcd189ba4000647"},"headline":"Seguro para equipamentos fotogr\u00e1ficos: o que essa prote\u00e7\u00e3o cobre, quem pode contratar e quais as vantagens?","datePublished":"2024-05-03T14:16:36+00:00","dateModified":"2025-05-14T18:10:36+00:00","mainEntityOfPage":{"@id":"https:\/\/www.mutuus.net\/blog\/seguro-para-equipamentos-fotograficos-o-que-e\/"},"wordCount":2328,"commentCount":2,"publisher":{"@id":"https:\/\/www.mutuus.net\/blog\/#organization"},"keywords":["seguro equipamento fotogr\u00e1fico","seguro para equipamentos fotogr\u00e1ficos","Seguro patrimonial"],"articleSection":["Seguro Patrimonial"],"inLanguage":"pt-BR","potentialAction":[{"@type":"CommentAction","name":"Comment","target":["https:\/\/www.mutuus.net\/blog\/seguro-para-equipamentos-fotograficos-o-que-e\/#respond"]}]},{"@type":"WebPage","@id":"https:\/\/www.mutuus.net\/blog\/seguro-para-equipamentos-fotograficos-o-que-e\/","url":"https:\/\/www.mutuus.net\/blog\/seguro-para-equipamentos-fotograficos-o-que-e\/","name":"Seguro para Equipamentos Fotogr\u00e1ficos: Como Funciona?","isPartOf":{"@id":"https:\/\/www.mutuus.net\/blog\/#website"},"datePublished":"2024-05-03T14:16:36+00:00","dateModified":"2025-05-14T18:10:36+00:00","description":"Como funciona o seguro para equipamentos fotogr\u00e1ficos e quais coberturas oferece? Descubra isso e muito mais neste conte\u00fado.","breadcrumb":{"@id":"https:\/\/www.mutuus.net\/blog\/seguro-para-equipamentos-fotograficos-o-que-e\/#breadcrumb"},"inLanguage":"pt-BR","potentialAction":[{"@type":"ReadAction","target":["https:\/\/www.mutuus.net\/blog\/seguro-para-equipamentos-fotograficos-o-que-e\/"]}]},{"@type":"BreadcrumbList","@id":"https:\/\/www.mutuus.net\/blog\/seguro-para-equipamentos-fotograficos-o-que-e\/#breadcrumb","itemListElement":[{"@type":"ListItem","position":1,"name":"Home","item":"https:\/\/www.mutuus.net\/blog\/"},{"@type":"ListItem","position":2,"name":"Seguro para equipamentos fotogr\u00e1ficos: o que essa prote\u00e7\u00e3o cobre, quem pode contratar e quais as vantagens?"}]},{"@type":"WebSite","@id":"https:\/\/www.mutuus.net\/blog\/#website","url":"https:\/\/www.mutuus.net\/blog\/","name":"Mutuus Seguros","description":"Cote, compare, compre e gerencie todos os seguros de sua empresa","publisher":{"@id":"https:\/\/www.mutuus.net\/blog\/#organization"},"potentialAction":[{"@type":"SearchAction","target":{"@type":"EntryPoint","urlTemplate":"https:\/\/www.mutuus.net\/blog\/?s={search_term_string}"},"query-input":{"@type":"PropertyValueSpecification","valueRequired":true,"valueName":"search_term_string"}}],"inLanguage":"pt-BR"},{"@type":"Organization","@id":"https:\/\/www.mutuus.net\/blog\/#organization","name":"Mutuus Seguros","alternateName":"Mutuus","url":"https:\/\/www.mutuus.net\/blog\/","logo":{"@type":"ImageObject","inLanguage":"pt-BR","@id":"https:\/\/www.mutuus.net\/blog\/#\/schema\/logo\/image\/","url":"https:\/\/www.mutuus.net\/blog\/wp-content\/uploads\/logo-mutuus-seguros_1200x728.png","contentUrl":"https:\/\/www.mutuus.net\/blog\/wp-content\/uploads\/logo-mutuus-seguros_1200x728.png","width":1200,"height":729,"caption":"Mutuus Seguros"},"image":{"@id":"https:\/\/www.mutuus.net\/blog\/#\/schema\/logo\/image\/"},"sameAs":["http:\/\/facebook.com\/mutuus.seguros","https:\/\/www.instagram.com\/mutuus.seguros","https:\/\/www.linkedin.com\/company\/mutuus\/"],"email":"seguros@mutuus.net","telephone":"3003-8387","foundingDate":"2018-01-01","vatID":"08246344000197"},{"@type":"Person","@id":"https:\/\/www.mutuus.net\/blog\/#\/schema\/person\/aa58c21558e23548ddcd189ba4000647","name":"Tatiana Martinotto"}]}},"_links":{"self":[{"href":"https:\/\/www.mutuus.net\/blog\/wp-json\/wp\/v2\/posts\/21766","targetHints":{"allow":["GET"]}}],"collection":[{"href":"https:\/\/www.mutuus.net\/blog\/wp-json\/wp\/v2\/posts"}],"about":[{"href":"https:\/\/www.mutuus.net\/blog\/wp-json\/wp\/v2\/types\/post"}],"author":[{"embeddable":true,"href":"https:\/\/www.mutuus.net\/blog\/wp-json\/wp\/v2\/users\/27"}],"replies":[{"embeddable":true,"href":"https:\/\/www.mutuus.net\/blog\/wp-json\/wp\/v2\/comments?post=21766"}],"version-history":[{"count":9,"href":"https:\/\/www.mutuus.net\/blog\/wp-json\/wp\/v2\/posts\/21766\/revisions"}],"predecessor-version":[{"id":31862,"href":"https:\/\/www.mutuus.net\/blog\/wp-json\/wp\/v2\/posts\/21766\/revisions\/31862"}],"wp:attachment":[{"href":"https:\/\/www.mutuus.net\/blog\/wp-json\/wp\/v2\/media?parent=21766"}],"wp:term":[{"taxonomy":"category","embeddable":true,"href":"https:\/\/www.mutuus.net\/blog\/wp-json\/wp\/v2\/categories?post=21766"},{"taxonomy":"post_tag","embeddable":true,"href":"https:\/\/www.mutuus.net\/blog\/wp-json\/wp\/v2\/tags?post=21766"}],"curies":[{"name":"wp","href":"https:\/\/api.w.org\/{rel}","templated":true}]}}