{"id":21743,"date":"2024-05-02T14:00:08","date_gmt":"2024-05-02T17:00:08","guid":{"rendered":"https:\/\/www.mutuus.net\/blog\/?p=21743"},"modified":"2024-07-01T16:03:24","modified_gmt":"2024-07-01T19:03:24","slug":"seguro-responsabilidade-civil-profissional-estetica-o-que-e","status":"publish","type":"post","link":"https:\/\/www.mutuus.net\/blog\/seguro-responsabilidade-civil-profissional-estetica-o-que-e\/","title":{"rendered":"Seguro responsabilidade civil profissional est\u00e9tica: o que cobre, para quem \u00e9 e por que contratar essa prote\u00e7\u00e3o?"},"content":{"rendered":"\n<p>\u00c9 fato que a procura por procedimentos est\u00e9ticos cresce a cada dia, assim como a variedade de t\u00e9cnicas e interven\u00e7\u00f5es existentes aumentaram muito nos \u00faltimos anos. Logo, a carreira de esteticista \u00e9 promissora, mas \u00e9 preciso saber que inclui riscos. Por isso, \u00e9 vital contar com um <strong>seguro responsabilidade civil profissional est\u00e9tica<\/strong>.<\/p>\n\n\n\n<p>J\u00e1 imaginou ser condenado a indenizar financeiramente um paciente em raz\u00e3o de um ato de neglig\u00eancia, imprud\u00eancia ou imper\u00edcia em sua atividade profissional? Infelizmente, acidentes ou falhas podem acontecer em qualquer profiss\u00e3o e quem trabalha com tratamentos est\u00e9ticos n\u00e3o est\u00e1 isento.&nbsp;<\/p>\n\n\n\n<p>E mais do que isso: nenhum profissional est\u00e1 livre de alega\u00e7\u00f5es de erros, ou seja, pode ser que o esteticista nem tenha, de fato, cometido um equ\u00edvoco, mas apenas a reclama\u00e7\u00e3o j\u00e1 acarreta despesas para comprova\u00e7\u00e3o de que n\u00e3o houve erro. <\/p>\n\n\n\n<p>Sendo assim, o seguro responsabilidade civil profissional est\u00e9tica \u00e9 uma prote\u00e7\u00e3o fundamental para quem atua na \u00e1rea. Neste artigo, trataremos sobre esse seguro RC Profissional e a sua import\u00e2ncia, os riscos da carreira, as coberturas da ap\u00f3lice e muito mais. Acompanhe para saber tudo!<\/p>\n\n\n\n<h2 class=\"wp-block-heading\" id=\"h-o-que-e-um-seguro-de-responsabilidade-civil-profissional\">O que \u00e9 um seguro de responsabilidade civil profissional?<\/h2>\n\n\n\n<p>Trata-se de uma categoria de seguros voltada a proteger especialistas das mais diversas \u00e1reas. A <a href=\"https:\/\/www.mutuus.net\/blog\/responsabilidade-civil\/\">responsabilidade civil<\/a> \u00e9 um instituto estabelecido pela legisla\u00e7\u00e3o brasileira que determina que quem comete uma a\u00e7\u00e3o que gera danos para um terceiro tem obriga\u00e7\u00e3o de repara\u00e7\u00e3o. <\/p>\n\n\n\n<p>Essa premissa \u00e9 v\u00e1lida em todos os \u00e2mbitos, inclusive no profissional.&nbsp;Assim, profissionais de todos os setores est\u00e3o sujeitos a erros e acidentes durante o exerc\u00edcio da sua atividade. <\/p>\n\n\n\n<p>Afinal, eventos imprevistos podem acontecer com qualquer um e ter consequ\u00eancias indesejadas.&nbsp;Ou, ainda, os resultados de um trabalho podem ser diferentes do esperado pelo cliente e este alegar que houve algum tipo de falha \u2014 e isso mesmo que n\u00e3o exista ato de m\u00e1-f\u00e9 ou incompet\u00eancia.&nbsp;<\/p>\n\n\n\n<p>No \u00e2mbito profissional, a responsabilidade civil tem rela\u00e7\u00e3o com isso e determina que um especialista deve reparar danos que possam ter sido causados durante o exerc\u00edcio da sua profiss\u00e3o. Para garantir a prote\u00e7\u00e3o dos profissionais, existe o seguro responsabilidade civil profissional ou <a href=\"https:\/\/www.mutuus.net\/blog\/seguro-rc-profissional\/\">RC Profissional<\/a>.<\/p>\n\n\n\n<h2 class=\"wp-block-heading\" id=\"h-o-que-e-o-seguro-responsabilidade-civil-profissional-estetica\">O que \u00e9 o seguro responsabilidade civil profissional est\u00e9tica?<\/h2>\n\n\n\n<p>Trata-se de um seguro RC Profissional destinado especificamente a<strong> profissionais que atuam na \u00e1rea da est\u00e9tica<\/strong>. A ap\u00f3lice garante o pagamento de indeniza\u00e7\u00e3o caso o profissional seja civilmente responsabilizado por um ato durante a sua atividade.<\/p>\n\n\n\n<p>Na verdade, o seguro responsabilidade civil esteticista cobre n\u00e3o apenas a condena\u00e7\u00e3o do profissional em processo por suposta falha, mas tamb\u00e9m honor\u00e1rios de advogado, custos de comparecimento ao tribunal e, ainda, acordos entre o profissional e o paciente (sempre com pr\u00e9via autoriza\u00e7\u00e3o da <a href=\"https:\/\/www.mutuus.net\/blog\/seguradoras-tudo-sobre-o-assunto\/\">seguradora<\/a>).<\/p>\n\n\n\n<p>Desse modo, <strong>o seguro responsabilidade civil profissional est\u00e9tica protege o segurado de forma abrangente contra perdas financeiras associadas \u00e0 responsabilidade atribu\u00edda na sua fun\u00e7\u00e3o como profissional esteticista<\/strong>. <\/p>\n\n\n\n<p>Ou seja, garante a seguran\u00e7a financeira, o patrim\u00f4nio e at\u00e9 a carreira desse profissional.<\/p>\n\n\n\n<h3 class=\"wp-block-heading\" id=\"h-quem-deve-contratar-o-seguro-responsabilidade-civil-profissional-estetica\">Quem deve contratar o seguro responsabilidade civil profissional est\u00e9tica?<\/h3>\n\n\n\n<p>Essa modalidade de seguro \u00e9 voltada para profissionais esteticistas em geral, ou seja, pessoas que trabalham com sa\u00fade e beleza, utilizando seu conhecimento para aprimorar a apar\u00eancia do cliente.<\/p>\n\n\n\n<p>O seguro profissional esteticista \u00e9 destinado, portanto, para quem oferece procedimentos est\u00e9ticos dos mais diversos tipos. Isso pode envolver tratamentos capilares, dermatol\u00f3gicos, corporais, podologia etc.<\/p>\n\n\n\n<h2 class=\"wp-block-heading\" id=\"h-quais-sao-os-riscos-no-ramo-de-estetica\">Quais s\u00e3o os riscos no ramo de est\u00e9tica?<\/h2>\n\n\n\n<p>A est\u00e9tica \u00e9, sem d\u00favida, um ramo que exige <strong>cuidado redobrado<\/strong>: al\u00e9m de seguir as normas exigidas por lei, os profissionais precisam estar cientes da sua obriga\u00e7\u00e3o, que \u00e9 de <strong>melhorar a apar\u00eancia dos clientes<\/strong>.&nbsp;&nbsp;<\/p>\n\n\n\n<p>A responsabilidade civil que est\u00e1 em jogo nesse contexto \u00e9 objetiva, logo, assegurar o resultado e entregar o que foi prometido \u00e9 fundamental, pois, ao litigar sobre o tema, a vantagem ser\u00e1 sempre do consumidor. <\/p>\n\n\n\n<p>\u00c9 por isso que <strong>casos nos quais o profissional do ramo est\u00e9tico deve indenizar o paciente se multiplicam<\/strong> \u2013 uma r\u00e1pida pesquisa na internet comprova esse fato.&nbsp;<\/p>\n\n\n\n<p>Portanto, os riscos de atuar nesse \u00e2mbito s\u00e3o bem altos, pois al\u00e9m de todo o cuidado necess\u00e1rio no momento da realiza\u00e7\u00e3o do tratamento, \u00e9 preciso ser extremamente estrat\u00e9gico na hora de \u201cvender o seu peixe\u201d. <\/p>\n\n\n\n<p>Qualquer propaganda que pare\u00e7a garantidora de um resultado que depois n\u00e3o se concretiza poder\u00e1 ser usada contra o profissional.<\/p>\n\n\n\n<h2 class=\"wp-block-heading\" id=\"h-como-funciona-o-seguro-responsabilidade-civil-profissional-estetica\">Como funciona o seguro responsabilidade civil profissional est\u00e9tica?<\/h2>\n\n\n\n<p>Com o seguro responsabilidade civil profissional est\u00e9tica, o profissional se resguarda, pois, caso um paciente o acuse de alguma falha, a indeniza\u00e7\u00e3o e tamb\u00e9m outras despesas ficam garantidas pela ap\u00f3lice.&nbsp;<\/p>\n\n\n\n<p>Ali\u00e1s, o seguro pode incluir at\u00e9 recursos para reverter danos \u00e0 imagem do profissional, o que \u00e9 crucial em determinados casos hoje em dia.<\/p>\n\n\n\n<p>Ap\u00f3s a contrata\u00e7\u00e3o da ap\u00f3lice, o segurado fica protegido, mas \u00e9 importante entender que a cobertura s\u00f3 vale para eventos ocorridos dentro do per\u00edodo de vig\u00eancia do seguro RC Profissional.&nbsp;<\/p>\n\n\n\n<p>Vamos a um exemplo pr\u00e1tico: a ap\u00f3lice \u00e9 contratada no dia 15 de abril de 2024 e, no dia 15 de maio do mesmo ano, o profissional toma ci\u00eancia de uma alegada falha ocorrida no dia 12 de mar\u00e7o de 2024. <\/p>\n\n\n\n<p>Como mencionamos, esse evento n\u00e3o ocorreu dentro da vig\u00eancia do seguro e, sendo assim, n\u00e3o ser\u00e1 coberto.<\/p>\n\n\n\n<h2 class=\"wp-block-heading\" id=\"h-quais-as-coberturas-do-seguro-rc-profissional-estetica\">Quais as coberturas do seguro RC profissional est\u00e9tica?<\/h2>\n\n\n\n<p>Para proteger os esteticistas, o seguro responsabilidade civil profissional est\u00e9tica precisa reunir um conjunto de coberturas. A seguir, tratamos sobre as coberturas b\u00e1sicas e adicionais desse tipo de ap\u00f3lice. Confira:<\/p>\n\n\n\n<h3 class=\"wp-block-heading\" id=\"h-coberturas-basicas\">Coberturas b\u00e1sicas<\/h3>\n\n\n\n<p>As coberturas b\u00e1sicas s\u00e3o:<\/p>\n\n\n\n<h4 class=\"wp-block-heading\" id=\"h-pedido-de-ressarcimento\">Pedido de ressarcimento<\/h4>\n\n\n\n<p>Cobre ressarcimento por parte de um cliente insatisfeito. <\/p>\n\n\n\n<p>Portanto, uma vez que o segurado for notificado ou tomar conhecimento sobre algum fato causado pela presta\u00e7\u00e3o de servi\u00e7os que possa acarretar uma reclama\u00e7\u00e3o futura, ele pode acionar o seguro e garantir o ressarcimento sem a necessidade de a\u00e7\u00e3o judicial ou reclama\u00e7\u00e3o formal.<\/p>\n\n\n\n<h4 class=\"wp-block-heading\" id=\"h-indenizacoes-ou-acordos\">Indeniza\u00e7\u00f5es ou acordos<\/h4>\n\n\n\n<p>O seguro cobre indeniza\u00e7\u00f5es, em caso de condena\u00e7\u00e3o judicial irrevers\u00edvel do segurado em processos de responsabiliza\u00e7\u00e3o civil profissional. <\/p>\n\n\n\n<p>Al\u00e9m disso, tamb\u00e9m cobre acordos judiciais ou extrajudiciais para solucionar uma disputa relativa a uma reclama\u00e7\u00e3o por erro, neglig\u00eancia ou omiss\u00e3o profissional. No entanto, cabe destacar que \u00e9 preciso sempre ter a anu\u00eancia pr\u00e9via da seguradora para garantir a cobertura em caso de acordo.<\/p>\n\n\n\n<h4 class=\"wp-block-heading\" id=\"h-despesa-de-defesa\">Despesa de defesa<\/h4>\n\n\n\n<p>Garante o pagamento da remunera\u00e7\u00e3o do advogado que atuar na defesa do segurado em um processo de um terceiro que esteja reclamando de uma presta\u00e7\u00e3o de servi\u00e7o. <\/p>\n\n\n\n<p>Al\u00e9m de honor\u00e1rios, tamb\u00e9m inclui laudos periciais, dep\u00f3sitos recursais e outras poss\u00edveis despesas de um processo nas esferas c\u00edvel, administrativa e criminal.<\/p>\n\n\n\n<h3 class=\"wp-block-heading\" id=\"h-coberturas-adicionais\">Coberturas adicionais<\/h3>\n\n\n\n<p>J\u00e1 as coberturas adicionais s\u00e3o:<\/p>\n\n\n\n<h4 class=\"wp-block-heading\" id=\"h-danos-a-reputacao\">Danos \u00e0 reputa\u00e7\u00e3o<\/h4>\n\n\n\n<p>A\u00e7\u00f5es judiciais podem resultar em um impacto negativo na imagem do profissional e essa cobertura assegura recursos para restituir a imagem, caso algo saia do controle.<\/p>\n\n\n\n<h4 class=\"wp-block-heading\" id=\"h-custos-emergenciais\">Custos emergenciais<\/h4>\n\n\n\n<p>Caso n\u00e3o seja poss\u00edvel obter consentimento pr\u00e9vio da segurada antes de incorrer em custos de defesa, a seguradora pode indenizar custos emergenciais. Estes devem ser, evidentemente, despesas razo\u00e1veis e necess\u00e1rias para a defesa do segurado em decorr\u00eancia da reclama\u00e7\u00e3o.<\/p>\n\n\n\n<h4 class=\"wp-block-heading\" id=\"h-calunia-injuria-e-difamacao\">Cal\u00fania, inj\u00faria e difama\u00e7\u00e3o<\/h4>\n\n\n\n<p>Indeniza reclama\u00e7\u00f5es de terceiros por cal\u00fania, inj\u00faria ou difama\u00e7\u00e3o contra o segurado ocorridas em fun\u00e7\u00e3o do exerc\u00edcio da atividade profissional.<\/p>\n\n\n\n<h4 class=\"wp-block-heading\" id=\"h-extravio-roubo-ou-furto-de-documentos\">Extravio, roubo ou furto de documentos<\/h4>\n\n\n\n<p>Cobre reclama\u00e7\u00f5es relacionadas a danos a documentos de terceiros, dos quais o segurado seja legalmente respons\u00e1vel e que tenham sido destru\u00eddos, danificados, perdidos, alterados, roubados ou extraviados em consequ\u00eancia da presta\u00e7\u00e3o ou da falta de presta\u00e7\u00e3o de servi\u00e7os.<\/p>\n\n\n\n<h2 class=\"wp-block-heading\" id=\"h-quais-os-riscos-nao-cobertos-no-seguro-responsabilidade-civil-profissional-estetica\">Quais os riscos n\u00e3o cobertos no seguro responsabilidade civil profissional est\u00e9tica?<\/h2>\n\n\n\n<p>Al\u00e9m das coberturas b\u00e1sicas ou adicionais previstas nas ap\u00f3lices, os seguros tamb\u00e9m t\u00eam riscos exclu\u00eddos, ou seja, riscos que n\u00e3o s\u00e3o cobertos pelo contrato. Estes devem estar elencados na ap\u00f3lice.<\/p>\n\n\n\n<p>No caso do seguro RC profissional, isso inclui a\u00e7\u00f5es dolosas, ou seja, omiss\u00f5es volunt\u00e1rias do segurado e falhas intencionais n\u00e3o s\u00e3o cobertas.&nbsp;<\/p>\n\n\n\n<p>Al\u00e9m disso, existe uma lista bem extensa de outros riscos exclu\u00eddos, elencamos somente alguns a seguir:<\/p>\n\n\n\n<ul class=\"wp-block-list\">\n<li>Atos n\u00e3o previstos nas obriga\u00e7\u00f5es civis legais da profiss\u00e3o;<\/li>\n\n\n\n<li>Reclama\u00e7\u00f5es relacionadas a direitos autorais;<\/li>\n\n\n\n<li>Atos realizados sob suspens\u00e3o da licen\u00e7a;<\/li>\n\n\n\n<li>Atos realizados sob uso de medica\u00e7\u00e3o ou subst\u00e2ncias proibidas;<\/li>\n\n\n\n<li>Fal\u00eancia;<\/li>\n\n\n\n<li>Pr\u00e1ticas trabalhistas;<\/li>\n\n\n\n<li>Pagamento de multas e outras penalidades.<\/li>\n<\/ul>\n\n\n\n<h2 class=\"wp-block-heading\" id=\"h-qual-e-a-importancia-de-ter-o-seguro-responsabilidade-civil-profissional-estetica\">Qual \u00e9 a import\u00e2ncia de ter o seguro responsabilidade civil profissional est\u00e9tica?<\/h2>\n\n\n\n<p>Como j\u00e1 reiteramos neste artigo, o profissional do ramo est\u00e9tico est\u00e1 sujeito a diferentes riscos que podem levar a preju\u00edzos financeiros e \u00e0 sua reputa\u00e7\u00e3o.&nbsp;<\/p>\n\n\n\n<p>Aqui trataremos um pouco mais sobre os benef\u00edcios de contar com um seguro responsabilidade civil profissional est\u00e9tica.<\/p>\n\n\n\n<h3 class=\"wp-block-heading\" id=\"h-amparo-contra-problemas-frequentes-no-ramo\">Amparo contra problemas frequentes no ramo<\/h3>\n\n\n\n<p>Em primeiro lugar, vale compreender que um seguro desta modalidade protege o esteticista dos problemas mais frequentes que podem acontecer no ramo da sa\u00fade e da beleza ap\u00f3s a realiza\u00e7\u00e3o de tratamentos ou procedimentos est\u00e9ticos.&nbsp;<\/p>\n\n\n\n<p>Entre eles, est\u00e3o infec\u00e7\u00f5es causadas por servi\u00e7os, danos corporais e est\u00e9ticos, problemas por uso indevido de materiais, entre outros.<\/p>\n\n\n\n<h3 class=\"wp-block-heading\" id=\"h-protecao-contra-reclamacoes-e-litigios\">Prote\u00e7\u00e3o contra reclama\u00e7\u00f5es e lit\u00edgios<\/h3>\n\n\n\n<p>A ap\u00f3lice protege o segurado contra reclama\u00e7\u00f5es de clientes \u2013 que n\u00e3o s\u00e3o poucas e tampouco raras nesse ramo de atividade. Mesmo em casos de procedimentos regulares (que s\u00e3o os cobertos pela ap\u00f3lice), pode existir insatisfa\u00e7\u00e3o e, em alguns casos, danos.&nbsp;<\/p>\n\n\n\n<h3 class=\"wp-block-heading\" id=\"h-auxilio-para-reconstituicao-da-imagem\">Aux\u00edlio para reconstitui\u00e7\u00e3o da imagem<\/h3>\n\n\n\n<p>Principalmente em fun\u00e7\u00e3o das redes sociais, grande parte das reclama\u00e7\u00f5es hoje em dia tornam-se p\u00fablicas e, assim, podem acabar prejudicando a reputa\u00e7\u00e3o do esteticista. <\/p>\n\n\n\n<p>Como j\u00e1 citamos, \u00e9 poss\u00edvel contratar uma cobertura espec\u00edfica para garantir recursos para reconstruir, caso seja preciso, a imagem profissional do segurado.<\/p>\n\n\n\n<h3 class=\"wp-block-heading\" id=\"h-aumento-da-credibilidade-profissional\">Aumento da credibilidade profissional<\/h3>\n\n\n\n<p>O trabalho do profissional de est\u00e9tica \u00e9 baseado fortemente na rela\u00e7\u00e3o de confian\u00e7a criada com os seus clientes. Al\u00e9m de ser uma prote\u00e7\u00e3o para o esteticista, o seguro RC Profissional tamb\u00e9m \u00e9 uma forma de demonstrar comprometimento com os clientes e garantir a qualidade dos servi\u00e7os prestados.<\/p>\n\n\n\n<h3 class=\"wp-block-heading\" id=\"h-prevencao-de-riscos-financeiros\">Preven\u00e7\u00e3o de riscos financeiros<\/h3>\n\n\n\n<p>Reclama\u00e7\u00f5es e processos podem resultar em muitas despesas e preju\u00edzos, ainda que o profissional n\u00e3o seja, de fato, condenado \u2013 evidentemente, se for, o preju\u00edzo ser\u00e1 ainda maior. <\/p>\n\n\n\n<p>Com a ap\u00f3lice, o esteticista fica longe de riscos financeiros que possam prejudicar n\u00e3o apenas a sua sa\u00fade financeira, mas tamb\u00e9m o seu patrim\u00f4nio.<\/p>\n\n\n\n<h2 class=\"wp-block-heading\" id=\"h-qual-o-valor-de-um-seguro-responsabilidade-civil-profissional-estetica\">Qual o valor de um seguro responsabilidade civil profissional est\u00e9tica?<\/h2>\n\n\n\n<p>O valor do seguro responsabilidade civil profissional est\u00e9tica \u00e9 vari\u00e1vel, pois \u00e9 determinado por uma s\u00e9rie de fatores, a come\u00e7ar pela \u00e1rea espec\u00edfica de atua\u00e7\u00e3o e pela import\u00e2ncia segurada.<\/p>\n\n\n\n<p>Al\u00e9m do valor total da cobertura, tamb\u00e9m podemos citar a vig\u00eancia da ap\u00f3lice, o hist\u00f3rico do segurado e as coberturas contratadas. A partir disso, a seguradora avalia a dimens\u00e3o do risco em quest\u00e3o e define um valor para o seguro.<\/p>\n\n\n\n<h2 class=\"wp-block-heading\" id=\"h-quais-seguradoras-fazem-seguro-rc-profissional-estetica\">Quais seguradoras fazem seguro RC profissional est\u00e9tica?<\/h2>\n\n\n\n<p>Confira algumas companhias que oferecem seguro RC Profissional para os profissionais da est\u00e9tica:<\/p>\n\n\n\n<ul class=\"wp-block-list\">\n<li>Akad Seguros;<\/li>\n\n\n\n<li>Liberty Seguros;<\/li>\n\n\n\n<li>Mapfre;<\/li>\n\n\n\n<li>Porto Seguro.<\/li>\n<\/ul>\n\n\n\n<h2 class=\"wp-block-heading\">Sinistro no seguro responsabilidade civil profissional est\u00e9tica: como acionar?<\/h2>\n\n\n\n<p>O <a href=\"https:\/\/www.mutuus.net\/blog\/o-que-e-sinistro-no-seguro\/\">sinistro<\/a> no seguro responsabilidade civil profissional est\u00e9tica acontece quando o segurado \u00e9 notificado sobre uma reclama\u00e7\u00e3o formal ou informal relacionada \u00e0 presta\u00e7\u00e3o de servi\u00e7os ou \u00e9 acionado na Justi\u00e7a em fun\u00e7\u00e3o de uma suposta falha, omiss\u00e3o ou neglig\u00eancia profissional.<\/p>\n\n\n\n<p>\u00c9 importante ressaltar que o esteticista n\u00e3o deve admitir responsabilidade, confessar a\u00e7\u00e3o ou fazer acordo sem o consentimento da seguradora. <\/p>\n\n\n\n<p>Na verdade, assim que tomar conhecimento do fato, o profissional deve informar imediatamente a companhia para ser orientado sobre como proceder. O contato deve ser feito por meio dos canais disponibilizados pela empresa.<\/p>\n\n\n\n<p>Via de regra, as seguradoras exigem o preenchimento de um aviso formal de sinistro, al\u00e9m do envio de documenta\u00e7\u00e3o comprobat\u00f3ria. A partir da an\u00e1lise das informa\u00e7\u00f5es e dos documentos, ser\u00e1 encaminhado o processo de pagamento da indeniza\u00e7\u00e3o.<\/p>\n\n\n\n<ul class=\"wp-block-list\">\n<li>Leia tamb\u00e9m: <a href=\"https:\/\/www.mutuus.net\/blog\/seguro-e-o-o-que-e\/\">Seguro E&amp;O: o que \u00e9 essa prote\u00e7\u00e3o e como funciona? Veja coberturas, import\u00e2ncia e como contratar<\/a><\/li>\n<\/ul>\n\n\n\n<h2 class=\"wp-block-heading\" id=\"h-como-contratar-o-seguro-rc-profissional-estetica\">Como contratar o seguro RC profissional est\u00e9tica?<\/h2>\n\n\n\n<p>Todos os seguros de responsabilidade profissional devem ser contratados por meio de uma <a href=\"https:\/\/www.mutuus.net\/blog\/corretora-de-seguros-o-que-e\/\">corretora de seguros<\/a>. Algumas trabalham com diferentes modalidades de seguros dentro dessa categoria de responsabilidade civil profissional, como \u00e9 o caso da <a href=\"https:\/\/www.mutuus.net\/\">Mutuus Seguros<\/a>.<\/p>\n\n\n\n<p>Oferecemos um processo de contrata\u00e7\u00e3o completamente online, pr\u00e1tico e \u00e1gil \u2013 voc\u00ea n\u00e3o precisa preencher formul\u00e1rios intermin\u00e1veis e nem sair de casa. Basta fornecer algumas informa\u00e7\u00f5es que, em poucos minutos, recebe as melhores op\u00e7\u00f5es de seguro para o seu caso espec\u00edfico.<\/p>\n\n\n\n<p>Al\u00e9m de ajudar na escolha da melhor proposta, fornecemos suporte especializado durante todo o processo. Conte com a gente!<\/p>\n\n\n\n<div class=\"wp-block-buttons is-content-justification-center is-layout-flex wp-container-core-buttons-is-layout-a89b3969 wp-block-buttons-is-layout-flex\">\n<div class=\"wp-block-button\"><a class=\"wp-block-button__link has-background wp-element-button\" href=\"https:\/\/forms.mutuus.net\/?utm_source=mutuus&amp;utm_medium=blog-post&amp;utm_campaign=https:\/\/www.mutuus.net\/blog\/seguro-responsabilidade-civil-profissional-estetica-o-que-e\/&amp;utm_term=&amp;utm_content=\" style=\"border-radius:8px;background-color:#eb6662\" target=\"_blank\" rel=\"noreferrer noopener\">Quero simular meu Seguro Responsabilidade Civil Profissional Est\u00e9tica com a Mutuus<\/a><\/div>\n<\/div>\n","protected":false},"excerpt":{"rendered":"<p>\u00c9 fato que a procura por procedimentos est\u00e9ticos cresce a cada dia, assim como a variedade de t\u00e9cnicas e interven\u00e7\u00f5es existentes aumentaram muito nos \u00faltimos anos. Logo, a carreira de esteticista \u00e9 promissora, mas \u00e9 preciso saber que inclui riscos. Por isso, \u00e9 vital contar com um seguro responsabilidade civil profissional est\u00e9tica. J\u00e1 imaginou ser [&hellip;]<\/p>\n","protected":false},"author":5,"featured_media":0,"comment_status":"open","ping_status":"open","sticky":false,"template":"","format":"standard","meta":{"footnotes":""},"categories":[2929],"tags":[2322,2696,2698,2697],"class_list":["post-21743","post","type-post","status-publish","format-standard","hentry","category-seguro-responsabilidade-civil-profissional","tag-atividade-profissional","tag-rc-profissional","tag-responsabilidade-civil-profissional","tag-seguro-rc-profissional"],"yoast_head":"<!-- This site is optimized with the Yoast SEO Premium plugin v27.2 (Yoast SEO v27.5) - https:\/\/yoast.com\/product\/yoast-seo-premium-wordpress\/ -->\n<title>Seguro Responsabilidade Civil Profissional Est\u00e9tica: Entenda!<\/title>\n<meta name=\"description\" content=\"Confira neste conte\u00fado tudo sobre o seguro responsabilidade civil profissional est\u00e9tica: como funciona, coberturas e muito mais.\" \/>\n<meta name=\"robots\" content=\"index, follow, max-snippet:-1, max-image-preview:large, max-video-preview:-1\" \/>\n<link rel=\"canonical\" href=\"https:\/\/www.mutuus.net\/blog\/seguro-responsabilidade-civil-profissional-estetica-o-que-e\/\" \/>\n<meta property=\"og:locale\" content=\"pt_BR\" \/>\n<meta property=\"og:type\" content=\"article\" \/>\n<meta property=\"og:title\" content=\"Seguro responsabilidade civil profissional est\u00e9tica: o que cobre, para quem \u00e9 e por que contratar essa prote\u00e7\u00e3o?\" \/>\n<meta property=\"og:description\" content=\"\u00c9 fato que a procura por procedimentos est\u00e9ticos cresce a cada dia, assim como a variedade de t\u00e9cnicas e interven\u00e7\u00f5es existentes aumentaram muito nos\" \/>\n<meta property=\"og:url\" content=\"https:\/\/www.mutuus.net\/blog\/seguro-responsabilidade-civil-profissional-estetica-o-que-e\/\" \/>\n<meta property=\"og:site_name\" content=\"Mutuus Seguros\" \/>\n<meta property=\"article:publisher\" content=\"http:\/\/facebook.com\/mutuus.seguros\" \/>\n<meta property=\"article:published_time\" content=\"2024-05-02T17:00:08+00:00\" \/>\n<meta property=\"article:modified_time\" content=\"2024-07-01T19:03:24+00:00\" \/>\n<meta property=\"og:image\" content=\"https:\/\/www.mutuus.net\/blog\/wp-content\/uploads\/logo-mutuus-seguros_1200x728.png\" \/>\n\t<meta property=\"og:image:width\" content=\"1200\" \/>\n\t<meta property=\"og:image:height\" content=\"729\" \/>\n\t<meta property=\"og:image:type\" content=\"image\/png\" \/>\n<meta name=\"author\" content=\"Jaqueline Crestani\" \/>\n<meta name=\"twitter:card\" content=\"summary_large_image\" \/>\n<meta name=\"twitter:label1\" content=\"Escrito por\" \/>\n\t<meta name=\"twitter:data1\" content=\"Jaqueline Crestani\" \/>\n\t<meta name=\"twitter:label2\" content=\"Est. tempo de leitura\" \/>\n\t<meta name=\"twitter:data2\" content=\"12 minutos\" \/>\n<!-- \/ Yoast SEO Premium plugin. -->","yoast_head_json":{"title":"Seguro Responsabilidade Civil Profissional Est\u00e9tica: Entenda!","description":"Confira neste conte\u00fado tudo sobre o seguro responsabilidade civil profissional est\u00e9tica: como funciona, coberturas e muito mais.","robots":{"index":"index","follow":"follow","max-snippet":"max-snippet:-1","max-image-preview":"max-image-preview:large","max-video-preview":"max-video-preview:-1"},"canonical":"https:\/\/www.mutuus.net\/blog\/seguro-responsabilidade-civil-profissional-estetica-o-que-e\/","og_locale":"pt_BR","og_type":"article","og_title":"Seguro responsabilidade civil profissional est\u00e9tica: o que cobre, para quem \u00e9 e por que contratar essa prote\u00e7\u00e3o?","og_description":"\u00c9 fato que a procura por procedimentos est\u00e9ticos cresce a cada dia, assim como a variedade de t\u00e9cnicas e interven\u00e7\u00f5es existentes aumentaram muito nos","og_url":"https:\/\/www.mutuus.net\/blog\/seguro-responsabilidade-civil-profissional-estetica-o-que-e\/","og_site_name":"Mutuus Seguros","article_publisher":"http:\/\/facebook.com\/mutuus.seguros","article_published_time":"2024-05-02T17:00:08+00:00","article_modified_time":"2024-07-01T19:03:24+00:00","og_image":[{"width":1200,"height":729,"url":"https:\/\/www.mutuus.net\/blog\/wp-content\/uploads\/logo-mutuus-seguros_1200x728.png","type":"image\/png"}],"author":"Jaqueline Crestani","twitter_card":"summary_large_image","twitter_misc":{"Escrito por":"Jaqueline Crestani","Est. tempo de leitura":"12 minutos"},"schema":{"@context":"https:\/\/schema.org","@graph":[{"@type":"Article","@id":"https:\/\/www.mutuus.net\/blog\/seguro-responsabilidade-civil-profissional-estetica-o-que-e\/#article","isPartOf":{"@id":"https:\/\/www.mutuus.net\/blog\/seguro-responsabilidade-civil-profissional-estetica-o-que-e\/"},"author":{"name":"Jaqueline Crestani","@id":"https:\/\/www.mutuus.net\/blog\/#\/schema\/person\/b9f08d5526d8b2b8bb623b94daa6ee7f"},"headline":"Seguro responsabilidade civil profissional est\u00e9tica: o que cobre, para quem \u00e9 e por que contratar essa prote\u00e7\u00e3o?","datePublished":"2024-05-02T17:00:08+00:00","dateModified":"2024-07-01T19:03:24+00:00","mainEntityOfPage":{"@id":"https:\/\/www.mutuus.net\/blog\/seguro-responsabilidade-civil-profissional-estetica-o-que-e\/"},"wordCount":2283,"commentCount":0,"publisher":{"@id":"https:\/\/www.mutuus.net\/blog\/#organization"},"keywords":["atividade profissional","rc profissional","responsabilidade civil profissional","seguro rc profissional"],"articleSection":["Seguro responsabilidade Civil profissional"],"inLanguage":"pt-BR","potentialAction":[{"@type":"CommentAction","name":"Comment","target":["https:\/\/www.mutuus.net\/blog\/seguro-responsabilidade-civil-profissional-estetica-o-que-e\/#respond"]}]},{"@type":"WebPage","@id":"https:\/\/www.mutuus.net\/blog\/seguro-responsabilidade-civil-profissional-estetica-o-que-e\/","url":"https:\/\/www.mutuus.net\/blog\/seguro-responsabilidade-civil-profissional-estetica-o-que-e\/","name":"Seguro Responsabilidade Civil Profissional Est\u00e9tica: Entenda!","isPartOf":{"@id":"https:\/\/www.mutuus.net\/blog\/#website"},"datePublished":"2024-05-02T17:00:08+00:00","dateModified":"2024-07-01T19:03:24+00:00","description":"Confira neste conte\u00fado tudo sobre o seguro responsabilidade civil profissional est\u00e9tica: como funciona, coberturas e muito mais.","breadcrumb":{"@id":"https:\/\/www.mutuus.net\/blog\/seguro-responsabilidade-civil-profissional-estetica-o-que-e\/#breadcrumb"},"inLanguage":"pt-BR","potentialAction":[{"@type":"ReadAction","target":["https:\/\/www.mutuus.net\/blog\/seguro-responsabilidade-civil-profissional-estetica-o-que-e\/"]}]},{"@type":"BreadcrumbList","@id":"https:\/\/www.mutuus.net\/blog\/seguro-responsabilidade-civil-profissional-estetica-o-que-e\/#breadcrumb","itemListElement":[{"@type":"ListItem","position":1,"name":"Home","item":"https:\/\/www.mutuus.net\/blog\/"},{"@type":"ListItem","position":2,"name":"Seguro responsabilidade civil profissional est\u00e9tica: o que cobre, para quem \u00e9 e por que contratar essa prote\u00e7\u00e3o?"}]},{"@type":"WebSite","@id":"https:\/\/www.mutuus.net\/blog\/#website","url":"https:\/\/www.mutuus.net\/blog\/","name":"Mutuus Seguros","description":"Cote, compare, compre e gerencie todos os seguros de sua empresa","publisher":{"@id":"https:\/\/www.mutuus.net\/blog\/#organization"},"potentialAction":[{"@type":"SearchAction","target":{"@type":"EntryPoint","urlTemplate":"https:\/\/www.mutuus.net\/blog\/?s={search_term_string}"},"query-input":{"@type":"PropertyValueSpecification","valueRequired":true,"valueName":"search_term_string"}}],"inLanguage":"pt-BR"},{"@type":"Organization","@id":"https:\/\/www.mutuus.net\/blog\/#organization","name":"Mutuus Seguros","alternateName":"Mutuus","url":"https:\/\/www.mutuus.net\/blog\/","logo":{"@type":"ImageObject","inLanguage":"pt-BR","@id":"https:\/\/www.mutuus.net\/blog\/#\/schema\/logo\/image\/","url":"https:\/\/www.mutuus.net\/blog\/wp-content\/uploads\/logo-mutuus-seguros_1200x728.png","contentUrl":"https:\/\/www.mutuus.net\/blog\/wp-content\/uploads\/logo-mutuus-seguros_1200x728.png","width":1200,"height":729,"caption":"Mutuus Seguros"},"image":{"@id":"https:\/\/www.mutuus.net\/blog\/#\/schema\/logo\/image\/"},"sameAs":["http:\/\/facebook.com\/mutuus.seguros","https:\/\/www.instagram.com\/mutuus.seguros","https:\/\/www.linkedin.com\/company\/mutuus\/"],"email":"seguros@mutuus.net","telephone":"3003-8387","foundingDate":"2018-01-01","vatID":"08246344000197"},{"@type":"Person","@id":"https:\/\/www.mutuus.net\/blog\/#\/schema\/person\/b9f08d5526d8b2b8bb623b94daa6ee7f","name":"Jaqueline Crestani"}]}},"_links":{"self":[{"href":"https:\/\/www.mutuus.net\/blog\/wp-json\/wp\/v2\/posts\/21743","targetHints":{"allow":["GET"]}}],"collection":[{"href":"https:\/\/www.mutuus.net\/blog\/wp-json\/wp\/v2\/posts"}],"about":[{"href":"https:\/\/www.mutuus.net\/blog\/wp-json\/wp\/v2\/types\/post"}],"author":[{"embeddable":true,"href":"https:\/\/www.mutuus.net\/blog\/wp-json\/wp\/v2\/users\/5"}],"replies":[{"embeddable":true,"href":"https:\/\/www.mutuus.net\/blog\/wp-json\/wp\/v2\/comments?post=21743"}],"version-history":[{"count":8,"href":"https:\/\/www.mutuus.net\/blog\/wp-json\/wp\/v2\/posts\/21743\/revisions"}],"predecessor-version":[{"id":23077,"href":"https:\/\/www.mutuus.net\/blog\/wp-json\/wp\/v2\/posts\/21743\/revisions\/23077"}],"wp:attachment":[{"href":"https:\/\/www.mutuus.net\/blog\/wp-json\/wp\/v2\/media?parent=21743"}],"wp:term":[{"taxonomy":"category","embeddable":true,"href":"https:\/\/www.mutuus.net\/blog\/wp-json\/wp\/v2\/categories?post=21743"},{"taxonomy":"post_tag","embeddable":true,"href":"https:\/\/www.mutuus.net\/blog\/wp-json\/wp\/v2\/tags?post=21743"}],"curies":[{"name":"wp","href":"https:\/\/api.w.org\/{rel}","templated":true}]}}