{"id":18384,"date":"2023-12-12T09:48:06","date_gmt":"2023-12-12T12:48:06","guid":{"rendered":"https:\/\/www.mutuus.net\/blog\/?p=18384"},"modified":"2025-09-04T10:50:38","modified_gmt":"2025-09-04T13:50:38","slug":"desconsideracao-da-personalidade-juridica","status":"publish","type":"post","link":"https:\/\/www.mutuus.net\/blog\/desconsideracao-da-personalidade-juridica\/","title":{"rendered":"Desconsidera\u00e7\u00e3o da personalidade jur\u00eddica: o que \u00e9 e quando ocorre?"},"content":{"rendered":"\n<p>Voc\u00ea sabia que existem casos em que o patrim\u00f4nio dos s\u00f3cios e administradores de uma empresa pode ser usado para satisfazer um credor ou um consumidor lesado? Esse fen\u00f4meno se chama <strong>desconsidera\u00e7\u00e3o da personalidade jur\u00eddica<\/strong> e est\u00e1 previsto na legisla\u00e7\u00e3o brasileira.<\/p>\n\n\n\n<p>Quem tem alguma familiaridade com o meio jur\u00eddico provavelmente j\u00e1 leu ou ouviu o termo, que \u00e9 bastante relevante nesse \u00e2mbito e no atual cen\u00e1rio. Tal instituto do Direito \u00e9 usado para reconhecer a relatividade da personalidade jur\u00eddica nas sociedades e limitar ou coibir o uso indevido do privil\u00e9gio da pessoa jur\u00eddica (PJ).<\/p>\n\n\n\n<p>Al\u00e9m disso, h\u00e1 alguns anos, o Novo C\u00f3digo de Processo Civil trouxe mudan\u00e7as para o procedimento em situa\u00e7\u00e3o de incidentes desse tipo. Quer saber mais sobre o assunto? Acompanhe este artigo para conferir o que \u00e9 a desconsidera\u00e7\u00e3o da personalidade jur\u00eddica, quando ocorre e quais s\u00e3o os tipos existentes.<\/p>\n\n\n\n<h2 class=\"wp-block-heading\" id=\"h-o-que-e-a-desconsideracao-da-personalidade-juridica\"><a><\/a>O que \u00e9 a desconsidera\u00e7\u00e3o da personalidade jur\u00eddica?<\/h2>\n\n\n\n<p>Trata-se de um <strong>instrumento jur\u00eddico que permite relativizar a autonomia da personalidade jur\u00eddica de uma empresa, organiza\u00e7\u00e3o ou outro tipo de pessoa jur\u00eddica<\/strong> com a finalidade de atribuir responsabilidades aos seus administradores e s\u00f3cios.<\/p>\n\n\n\n<p>De acordo com o <a href=\"https:\/\/vademecumbrasil.com.br\/palavra\/desconsideracao-da-personalidade-juridica\" target=\"_blank\" rel=\"noreferrer noopener nofollow\">portal Vade Mecum Brasil<\/a>, o termo tem dois significados principais:<\/p>\n\n\n\n<ol start=\"1\" class=\"wp-block-list\">\n<li>Fic\u00e7\u00e3o mediante a qual, para efeitos patrimoniais, tem-se como inexistente uma pessoa jur\u00eddica;<\/li>\n\n\n\n<li>Figura mediante a qual se tem como respons\u00e1vel por uma obriga\u00e7\u00e3o, em vez da pessoa jur\u00eddica, seu representante, s\u00f3cio ou membro.<\/li>\n<\/ol>\n\n\n\n<p>Em fun\u00e7\u00e3o do seu significado, o instituto \u00e9 tamb\u00e9m chamado de <strong>desconsidera\u00e7\u00e3o da autonomia patrimonial da pessoa jur\u00eddica<\/strong>.<\/p>\n\n\n\n<h2 class=\"wp-block-heading\" id=\"h-qual-e-a-finalidade-da-desconsideracao-de-personalidade-juridica\"><a><\/a>Qual \u00e9 a finalidade da desconsidera\u00e7\u00e3o de personalidade jur\u00eddica?<\/h2>\n\n\n\n<p>Uma vez que a pessoa jur\u00eddica tem uma personalidade diferente daquela de seus fundadores, normalmente, as pessoas que criam uma sociedade n\u00e3o respondem pelas obriga\u00e7\u00f5es da mesma. Existe, portanto, uma distin\u00e7\u00e3o, uma <strong>separa\u00e7\u00e3o patrimonial<\/strong> entre a pessoa jur\u00eddica e as pessoas f\u00edsicas dos s\u00f3cios e administradores.<\/p>\n\n\n\n<p>Nesse contexto, a desconsidera\u00e7\u00e3o da personalidade jur\u00eddica \u00e9 um importante instrumento para o exerc\u00edcio da atividade empresarial, sendo uma tentativa de adequar a pessoa jur\u00eddica aos fins para os quais ela foi criada. Dessa forma, ela refor\u00e7a a autonomia patrimonial da PJ e a preserva\u00e7\u00e3o da <a href=\"https:\/\/www.mutuus.net\/blog\/tipos-de-seguro-para-pessoas-e-empresas\/\">empresa<\/a> ou organiza\u00e7\u00e3o.<\/p>\n\n\n\n<h2 class=\"wp-block-heading\" id=\"h-como-surgiu-a-desconsideracao-da-personalidade-juridica\"><a><\/a>Como surgiu a desconsidera\u00e7\u00e3o da personalidade jur\u00eddica?<\/h2>\n\n\n\n<p>Ao permitir que as pessoas atuem diretamente em neg\u00f3cios assumindo responsabilidades, a personalidade jur\u00eddica surgiu como um est\u00edmulo ao exerc\u00edcio da atividade empresarial, ou seja, com o intuito de incentivar o desenvolvimento da economia. A sua atribui\u00e7\u00e3o, diferenciando-a da personalidade dos s\u00f3cios, reduz o <a href=\"https:\/\/www.mutuus.net\/blog\/seguro-multirrisco-o-que-e\/\">risco empresarial<\/a>.<\/p>\n\n\n\n<p>Contudo, a personalidade jur\u00eddica \u00e9 reconhecida, mas deve, \u00e9 claro, ser usada com prop\u00f3sitos leg\u00edtimos. No entanto, estes podem ser desvirtuados em certas situa\u00e7\u00f5es e, para evitar que isso aconte\u00e7a, a doutrina da separa\u00e7\u00e3o patrimonial entre pessoa jur\u00eddica e seus membros <strong>n\u00e3o <\/strong>pode prevalecer em alguns momentos.<\/p>\n\n\n\n<p>Como epis\u00f3dios de uso indevido come\u00e7aram a ocorrer, com administradores e s\u00f3cios usando a personalidade jur\u00eddica para a n\u00e3o responsabiliza\u00e7\u00e3o e para evitar o comprometimento do seu patrim\u00f4nio, a desconsidera\u00e7\u00e3o da personalidade jur\u00eddica foi pensada inicialmente pela jurisprud\u00eancia para resolver essas situa\u00e7\u00f5es abusivas.<\/p>\n\n\n\n<p>Nesse sentido, trata-se, portanto, de uma medida para lidar especificamente com esses contextos, <strong>limitando e coibindo o uso n\u00e3o correto do privil\u00e9gio da pessoa jur\u00eddica<\/strong>.<\/p>\n\n\n\n<h2 class=\"wp-block-heading\" id=\"h-como-funciona-a-desconsideracao-da-personalidade-juridica\"><a><\/a>Como funciona a desconsidera\u00e7\u00e3o da personalidade jur\u00eddica?<\/h2>\n\n\n\n<figure class=\"wp-block-image size-full\"><img fetchpriority=\"high\" decoding=\"async\" width=\"920\" height=\"375\" src=\"https:\/\/www.mutuus.net\/blog\/wp-content\/uploads\/Como-funciona-a-desconsideracao-da-personalidade-juridica.webp\" alt=\"Quando \u00e9 cab\u00edvel a desconsidera\u00e7\u00e3o da personalidade jur\u00eddica? Na imagem, livros e martelo da justi\u00e7a evidenciando  que o princ\u00edpio da autonomia patrimonial da pessoa jur\u00eddica n\u00e3o \u00e9 absoluto \" class=\"wp-image-32932\" srcset=\"https:\/\/www.mutuus.net\/blog\/wp-content\/uploads\/Como-funciona-a-desconsideracao-da-personalidade-juridica.webp 920w, https:\/\/www.mutuus.net\/blog\/wp-content\/uploads\/Como-funciona-a-desconsideracao-da-personalidade-juridica-300x122.webp 300w, https:\/\/www.mutuus.net\/blog\/wp-content\/uploads\/Como-funciona-a-desconsideracao-da-personalidade-juridica-150x61.webp 150w, https:\/\/www.mutuus.net\/blog\/wp-content\/uploads\/Como-funciona-a-desconsideracao-da-personalidade-juridica-768x313.webp 768w\" sizes=\"(max-width: 920px) 100vw, 920px\" \/><\/figure>\n\n\n\n<p>A desconsidera\u00e7\u00e3o traz a ideia de que o princ\u00edpio da autonomia patrimonial da pessoa jur\u00eddica n\u00e3o \u00e9 absoluto e deve ser aplicada em contextos em que existem atos fraudulentos que visam prejudicar credores.<\/p>\n\n\n\n<p>Uma situa\u00e7\u00e3o abusiva da autonomia patrimonial ocorre quando s\u00f3cios e administradores n\u00e3o deixam na sociedade bens suficientes para o pagamento das d\u00edvidas da pessoa jur\u00eddica. Nesse caso, os credores acabam por ficar com os seus interesses desatendidos, enquanto os membros da sociedade seguem normalmente as suas vidas.<\/p>\n\n\n\n<p>Ent\u00e3o, quando a sociedade possuir insufici\u00eancia de patrim\u00f4nio dos seus s\u00f3cios, prev\u00ea-se a desconsidera\u00e7\u00e3o da personalidade jur\u00eddica. Desse modo, <strong>o patrim\u00f4nio dos s\u00f3cios servir\u00e1 para quitar as obriga\u00e7\u00f5es da sociedade<\/strong>.<\/p>\n\n\n\n<h2 class=\"wp-block-heading\" id=\"h-a-legislacao-e-a-desconsideracao-da-personalidade-juridica\"><a><\/a>A legisla\u00e7\u00e3o e a desconsidera\u00e7\u00e3o da personalidade jur\u00eddica<\/h2>\n\n\n\n<p>A desconsidera\u00e7\u00e3o da personalidade jur\u00eddica est\u00e1 prevista no C\u00f3digo Civil e no C\u00f3digo de Defesa do Consumidor (CDC), devendo-se ser utilizada aquela que for adequada \u00e0 situa\u00e7\u00e3o em quest\u00e3o e cumprindo-se os requisitos, que s\u00e3o distintos.<\/p>\n\n\n\n<h3 class=\"wp-block-heading\" id=\"h-lei-da-liberdade-economica-e-artigo-50-do-codigo-civil\"><a><\/a>Lei da Liberdade Econ\u00f4mica e Artigo 50 do C\u00f3digo Civil<\/h3>\n\n\n\n<p>A medida \u00e9 destaque da <a href=\"https:\/\/www.planalto.gov.br\/ccivil_03\/_ato2019-2022\/2019\/lei\/l13874.htm\" target=\"_blank\" rel=\"noreferrer noopener nofollow\">Lei N\u00ba 13.874\/19<\/a>, conhecida como Lei da Liberdade Econ\u00f4mica, pois instituiu a Declara\u00e7\u00e3o de Direitos de Liberdade Econ\u00f4mica, que trouxe maior clareza sobre a sua aplica\u00e7\u00e3o.<\/p>\n\n\n\n<p>Primeiramente, o Art. 49-A estabelece que \u201ca pessoa jur\u00eddica n\u00e3o se confunde com os seus s\u00f3cios, associados, instituidores ou administradores\u201d. Al\u00e9m disso, determina que \u201ca autonomia patrimonial das pessoas jur\u00eddicas \u00e9 um instrumento l\u00edcito de aloca\u00e7\u00e3o e segrega\u00e7\u00e3o de riscos\u201d.<\/p>\n\n\n\n<p>No entanto, a lei tamb\u00e9m alterou o <a href=\"https:\/\/www.planalto.gov.br\/ccivil_03\/leis\/2002\/l10406compilada.htm\" target=\"_blank\" rel=\"noreferrer noopener nofollow\">Art. 50 do C\u00f3digo Civil<\/a> sobre casos em que o instituto afasta o princ\u00edpio da autonomia patrimonial para responsabilizar a sociedade por obriga\u00e7\u00e3o do s\u00f3cio:<\/p>\n\n\n\n<p><em>\u201cEm caso de abuso da personalidade jur\u00eddica, caracterizado pelo desvio de finalidade ou pela confus\u00e3o patrimonial, pode o juiz, a requerimento da parte ou do Minist\u00e9rio P\u00fablico quando lhe couber intervir no processo, desconsider\u00e1-la para que os efeitos de certas e determinadas rela\u00e7\u00f5es de obriga\u00e7\u00f5es sejam estendidos aos bens particulares de administradores ou de s\u00f3cios da pessoa jur\u00eddica beneficiados direta ou indiretamente pelo abuso.\u201d<\/em><\/p>\n\n\n\n<h3 class=\"wp-block-heading\" id=\"h-desconsideracao-da-personalidade-juridica-no-cpc\"><a><\/a>Desconsidera\u00e7\u00e3o da personalidade jur\u00eddica no CPC<\/h3>\n\n\n\n<p>Como vimos na cita\u00e7\u00e3o do Art. 50, o C\u00f3digo Civil imp\u00f5e que, para que ocorra a desconsidera\u00e7\u00e3o da pessoa jur\u00eddica, haja o abuso da personalidade jur\u00eddica \u2013 caracterizado pelo desvio de finalidade ou pela confus\u00e3o patrimonial.<\/p>\n\n\n\n<p>O antigo C\u00f3digo estabelecia a caracteriza\u00e7\u00e3o dos casos de abuso da personalidade jur\u00eddica, mas n\u00e3o determinava os efeitos de algumas obriga\u00e7\u00f5es da sociedade aos bens dos administradores ou s\u00f3cios.<\/p>\n\n\n\n<p>Com as altera\u00e7\u00f5es trazidas pela Lei 13.874\/19, o texto ficou mais claro e objetivo e menos sujeito a diferentes interpreta\u00e7\u00f5es. Nesse cen\u00e1rio, o judici\u00e1rio passou a considerar o que de fato define o texto legal do Artigo 50.<\/p>\n\n\n\n<h3 class=\"wp-block-heading\" id=\"h-desconsideracao-da-personalidade-juridica-no-cdc\"><a><\/a>Desconsidera\u00e7\u00e3o da personalidade jur\u00eddica no CDC<\/h3>\n\n\n\n<p>No C\u00f3digo de Defesa do Consumidor existem normas espec\u00edficas sobre a desconsidera\u00e7\u00e3o da personalidade jur\u00eddica. E o teor \u00e9 diferente do <a href=\"https:\/\/www.mutuus.net\/blog\/seguro-garantia-cpc-2015\/\">CPC<\/a>, pois n\u00e3o se aplicam os requisitos de desvio de finalidade e confus\u00e3o patrimonial.<\/p>\n\n\n\n<p>Na verdade, os requisitos s\u00e3o mais amplos e n\u00e3o \u00e9 preciso que haja necessariamente a caracteriza\u00e7\u00e3o de fraude. Mais precisamente, de acordo com CDC, o incidente acontece em rela\u00e7\u00f5es de consumo nas quais existam as seguintes situa\u00e7\u00f5es:<\/p>\n\n\n\n<ul class=\"wp-block-list\">\n<li>abuso de direito;<\/li>\n\n\n\n<li>excesso de poder;<\/li>\n\n\n\n<li>infra\u00e7\u00e3o da lei;<\/li>\n\n\n\n<li>fato ou ato il\u00edcito ou viola\u00e7\u00e3o dos estatutos ou contrato social;<\/li>\n\n\n\n<li>fal\u00eancia;<\/li>\n\n\n\n<li>estado de insolv\u00eancia;<\/li>\n\n\n\n<li>encerramento ou inatividade da pessoa jur\u00eddica provocados por m\u00e1 administra\u00e7\u00e3o.<\/li>\n<\/ul>\n\n\n\n<p><\/p>\n\n\n\n<p>Isso est\u00e1 estabelecido no Art. 28 que diz que \u201c<em>o juiz poder\u00e1 desconsiderar a personalidade jur\u00eddica da sociedade quando, em detrimento do consumidor, houver abuso de direito, excesso de poder, infra\u00e7\u00e3o da lei, fato ou ato il\u00edcito ou viola\u00e7\u00e3o dos estatutos ou contrato social. A desconsidera\u00e7\u00e3o tamb\u00e9m ser\u00e1 efetivada quando houver fal\u00eancia, estado de insolv\u00eancia, encerramento ou inatividade da pessoa jur\u00eddica provocados por m\u00e1 administra\u00e7\u00e3o<\/em>\u201d.<\/p>\n\n\n\n<h2 class=\"wp-block-heading\" id=\"h-quais-sao-as-teorias-da-desconsideracao-da-personalidade-juridica\"><a><\/a>Quais s\u00e3o as teorias da desconsidera\u00e7\u00e3o da personalidade jur\u00eddica?<\/h2>\n\n\n\n<p>A Teoria Maior e a Teoria Menor s\u00e3o as duas teorias existentes sobre a desconsidera\u00e7\u00e3o da personalidade jur\u00eddica.<\/p>\n\n\n\n<h3 class=\"wp-block-heading\" id=\"h-teoria-maior\"><a><\/a>Teoria Maior<\/h3>\n\n\n\n<p>Segundo a Teoria Maior, a aplica\u00e7\u00e3o do incidente ocorrer\u00e1 <strong>apenas quando for configurado ato fraudulento ou abusivo<\/strong>. Portanto, por esta teoria, \u00e9 exigida a comprova\u00e7\u00e3o dos requisitos previstos no art. 50 do C\u00f3digo Civil \u2013 desvio de finalidade, confus\u00e3o <a href=\"https:\/\/www.mutuus.net\/blog\/seguro-patrimonial-empresarial\/\">patrimonial<\/a> ou abuso de personalidade.<\/p>\n\n\n\n<p>Uma vez que os julgadores consideram o instituto a \u00faltima via poss\u00edvel, pois entendem os dados e os preju\u00edzos que o instituto traz \u00e0 pessoa jur\u00eddica e aos seus s\u00f3cios, essa concep\u00e7\u00e3o \u00e9 a mais adotada pelos tribunais do pa\u00eds, tendo, assim, um \u00edndice bem maior de aplicabilidade.<\/p>\n\n\n\n<h3 class=\"wp-block-heading\" id=\"h-teoria-menor\"><a><\/a>Teoria Menor<\/h3>\n\n\n\n<p>J\u00e1 a Teoria Menor visa a <strong>prote\u00e7\u00e3o dos consumidores e n\u00e3o imp\u00f5e a necessidade de prova de fraude<\/strong>. Como voc\u00ea j\u00e1 deve ter compreendido, \u00e9 a concep\u00e7\u00e3o adotada pelo CDC, que prev\u00ea que, sempre que a personalidade for obst\u00e1culo ao ressarcimento de preju\u00edzos causados aos consumidores, haver\u00e1 incid\u00eancia da desconsidera\u00e7\u00e3o da personalidade jur\u00eddica.<\/p>\n\n\n\n<p>Essa teoria \u00e9 baseada na hipossufici\u00eancia do credor e na sua dificuldade na comprova\u00e7\u00e3o em ju\u00edzo dos requisitos referentes \u00e0 m\u00e1-f\u00e9 do devedor.<\/p>\n\n\n\n<h2 class=\"wp-block-heading\" id=\"h-quais-sao-os-tipos-de-desconsideracao-da-personalidade-juridica\"><a><\/a>Quais s\u00e3o os tipos de desconsidera\u00e7\u00e3o da personalidade jur\u00eddica?<\/h2>\n\n\n\n<figure class=\"wp-block-image size-full\"><img decoding=\"async\" width=\"920\" height=\"375\" src=\"https:\/\/www.mutuus.net\/blog\/wp-content\/uploads\/Quais-sao-os-tipos-de-desconsideracao-da-personalidade-juridica.webp\" alt=\"O que devo fazer ap\u00f3s a desconsidera\u00e7\u00e3o da personalidade jur\u00eddica? Na imagem, advogado prepara defesa ap\u00f3s desconsidera\u00e7\u00e3o da personalidade jur\u00eddica \" class=\"wp-image-32933\" srcset=\"https:\/\/www.mutuus.net\/blog\/wp-content\/uploads\/Quais-sao-os-tipos-de-desconsideracao-da-personalidade-juridica.webp 920w, https:\/\/www.mutuus.net\/blog\/wp-content\/uploads\/Quais-sao-os-tipos-de-desconsideracao-da-personalidade-juridica-300x122.webp 300w, https:\/\/www.mutuus.net\/blog\/wp-content\/uploads\/Quais-sao-os-tipos-de-desconsideracao-da-personalidade-juridica-150x61.webp 150w, https:\/\/www.mutuus.net\/blog\/wp-content\/uploads\/Quais-sao-os-tipos-de-desconsideracao-da-personalidade-juridica-768x313.webp 768w\" sizes=\"(max-width: 920px) 100vw, 920px\" \/><\/figure>\n\n\n\n<p>Em rela\u00e7\u00e3o \u00e0s modalidades de desconsidera\u00e7\u00e3o da personalidade jur\u00eddica, atualmente, s\u00e3o admitidos quatro tipos:<\/p>\n\n\n\n<ul class=\"wp-block-list\">\n<li><strong>Desconsidera\u00e7\u00e3o da personalidade jur\u00eddica cl\u00e1ssica:<\/strong> conhecida tamb\u00e9m como \u201cortodoxa\u201d, possibilita que a personalidade jur\u00eddica seja desconsiderada para que, havendo abuso nos termos do artigo 50 do CC, seja poss\u00edvel alcan\u00e7ar o patrim\u00f4nio dos s\u00f3cios;<\/li>\n<\/ul>\n\n\n\n<p><\/p>\n\n\n\n<ul class=\"wp-block-list\">\n<li><strong>Desconsidera\u00e7\u00e3o da personalidade jur\u00eddica inversa<\/strong>: tem a finalidade de alcan\u00e7ar determinadas pessoas jur\u00eddicas quando o titular da obriga\u00e7\u00e3o original que cometeu o abuso for seu s\u00f3cio ou administrador;<\/li>\n<\/ul>\n\n\n\n<p><\/p>\n\n\n\n<ul class=\"wp-block-list\">\n<li><strong>Desconsidera\u00e7\u00e3o da personalidade jur\u00eddica indireta<\/strong>: tem o objetivo de alcan\u00e7ar conglomerados empresariais ou grupos econ\u00f4micos que operam com fraudes e abusos para prejudicar terceiros e obter vantagens indevidas;<\/li>\n<\/ul>\n\n\n\n<p><\/p>\n\n\n\n<ul class=\"wp-block-list\">\n<li><strong>Desconsidera\u00e7\u00e3o da personalidade jur\u00eddica expansiva<\/strong>: quando o s\u00f3cio devedor n\u00e3o se encontra explicitamente vinculado na sociedade, mas se utiliza de terceiros para constituir empresas \u2013 os s\u00f3cios ocultos.<\/li>\n<\/ul>\n\n\n\n<h2 class=\"wp-block-heading\" id=\"h-desconsideracao-da-personalidade-juridica-duvidas-frequentes\"><a><\/a>Desconsidera\u00e7\u00e3o da personalidade jur\u00eddica: d\u00favidas frequentes<\/h2>\n\n\n\n<p>Por fim, confira as respostas para algumas das principais d\u00favidas em rela\u00e7\u00e3o ao tema da desconsidera\u00e7\u00e3o da pessoa jur\u00eddica.<\/p>\n\n\n\n<h3 class=\"wp-block-heading\" id=\"h-qual-e-a-diferenca-entre-despersonalizacao-e-desconsideracao-da-personalidade-juridica\"><a><\/a>Qual \u00e9 a diferen\u00e7a entre despersonaliza\u00e7\u00e3o e desconsidera\u00e7\u00e3o da personalidade jur\u00eddica?<\/h3>\n\n\n\n<p>Como vimos, a desconsidera\u00e7\u00e3o representa a retirada tempor\u00e1ria da personalidade jur\u00eddica, suspendendo os efeitos da separa\u00e7\u00e3o patrimonial em um caso concreto espec\u00edfico. Por outro lado, a despersonaliza\u00e7\u00e3o anula definitivamente a personalidade da empresa, significando a destrui\u00e7\u00e3o da entidade pessoa jur\u00eddica.<\/p>\n\n\n\n<h3 class=\"wp-block-heading\" id=\"h-quando-cabe-a-desconsideracao-da-personalidade-juridica-trabalhista\"><a><\/a>Quando cabe a desconsidera\u00e7\u00e3o da personalidade jur\u00eddica trabalhista?<\/h3>\n\n\n\n<p>A desconsidera\u00e7\u00e3o da personalidade jur\u00eddica foi introduzida formalmente na Justi\u00e7a do Trabalho pelo artigo 855-A do CTT na Reforma Trabalhista. Este estipula as regras e procedimentos pr\u00e9vios ao bloqueio ou a restri\u00e7\u00e3o de valores ou bens dos s\u00f3cios.<\/p>\n\n\n\n<p>Conforme o regramento, o pedido de incidente de desconsidera\u00e7\u00e3o pode ser instaurado na fase de conhecimento do processo, quando a devedora principal apresenta hist\u00f3rico recente de inadimplementos e insolv\u00eancia.<\/p>\n\n\n\n<h3 class=\"wp-block-heading\" id=\"h-em-quais-situacoes-a-desconsideracao-da-personalidade-juridica-pode-ocorrer\"><a><\/a>Em quais situa\u00e7\u00f5es a desconsidera\u00e7\u00e3o da personalidade jur\u00eddica pode ocorrer?<\/h3>\n\n\n\n<p>As hip\u00f3teses nas quais a desconsidera\u00e7\u00e3o \u00e9 uma medida cab\u00edvel para garantir o direito ao cr\u00e9dito do credor ou evitar preju\u00edzo ao consumidor se relacionam com algumas pr\u00e1ticas espec\u00edficas:<\/p>\n\n\n\n<ul class=\"wp-block-list\">\n<li><strong>desvio de finalidade<\/strong>: ocorre quando s\u00f3cios ou administradores utilizam a sociedade para fins diversos do objeto societ\u00e1rio;<\/li>\n<\/ul>\n\n\n\n<p><\/p>\n\n\n\n<ul class=\"wp-block-list\">\n<li><strong>confus\u00e3o patrimonial<\/strong>: ocorre quando se confundem os bens e neg\u00f3cios dos s\u00f3cios e administradores com os bens da pessoa jur\u00eddica;<\/li>\n<\/ul>\n\n\n\n<p><\/p>\n\n\n\n<ul class=\"wp-block-list\">\n<li><strong>preju\u00edzos ao consumidor<\/strong>: ocorre quando a personalidade jur\u00eddica representa um obst\u00e1culo para o ressarcimento de preju\u00edzos causados ao consumidor.<\/li>\n<\/ul>\n\n\n\n<h3 class=\"wp-block-heading\" id=\"h-a-desconsideracao-da-personalidade-juridica-atinge-todos-os-socios\"><a><\/a>A desconsidera\u00e7\u00e3o da personalidade jur\u00eddica atinge todos os s\u00f3cios?<\/h3>\n\n\n\n<p>Na reda\u00e7\u00e3o original do art. 50, fala-se em bens particulares de quaisquer s\u00f3cios. Mas, com a Lei da Liberdade Econ\u00f4mica, passou a estender as obriga\u00e7\u00f5es aos administradores (s\u00f3cios ou n\u00e3o) e aos s\u00f3cios que tivessem sido beneficiados pelo abuso.<\/p>\n\n\n\n<p>Por\u00e9m, recentemente, o <a href=\"https:\/\/www.stj.jus.br\/sites\/portalp\/Paginas\/Comunicacao\/Noticias\/2022\/18102022-Desconsideracao-da-personalidade-juridica-nem-sempre-atinge-o-administrador-nao-socio.aspx\" target=\"_blank\" rel=\"noreferrer noopener nofollow\">Superior Tribunal de Justi\u00e7a (STJ)<\/a>, afastou os efeitos da desconsidera\u00e7\u00e3o da personalidade jur\u00eddica em rela\u00e7\u00e3o aos administradores n\u00e3o s\u00f3cios de uma sociedade empresarial. Logo, ao que parece, existem diferentes acep\u00e7\u00f5es para contextos distintos.<\/p>\n\n\n\n<h3 class=\"wp-block-heading\" id=\"h-quais-sao-os-requisitos-para-desconsideracao-da-pessoa-juridica\">Quais s\u00e3o os requisitos para desconsidera\u00e7\u00e3o da pessoa jur\u00eddica?<\/h3>\n\n\n\n<p>Existem dois requisitos para a desconsidera\u00e7\u00e3o da pessoa jur\u00eddica. S\u00e3o eles:<\/p>\n\n\n\n<ul class=\"wp-block-list\">\n<li><strong>Teoria Maior<\/strong>: abuso de personalidade, caracterizado por desvio de finalidade ou confus\u00e3o patrimonial.<\/li>\n\n\n\n<li><strong>Teoria Menor: <\/strong>qualquer obst\u00e1culo ao ressarcimento de preju\u00edzos causados aos consumidores.<\/li>\n<\/ul>\n\n\n\n<h3 class=\"wp-block-heading\" id=\"h-e-cabivel-a-aplicacao-da-desconsideracao-da-personalidade-juridica-no-procedimento-do-juizado-especial-civel\"><a><\/a>\u00c9 cab\u00edvel a aplica\u00e7\u00e3o da desconsidera\u00e7\u00e3o da personalidade jur\u00eddica no procedimento do Juizado Especial C\u00edvel?<\/h3>\n\n\n\n<p>De acordo com o Art. 1.062 do Novo C\u00f3digo Civil, &#8220;o incidente de desconsidera\u00e7\u00e3o da personalidade jur\u00eddica aplica-se ao processo de compet\u00eancia dos <a href=\"https:\/\/www.mutuus.net\/blog\/lei-9099-95-o-que-e\/\">juizados especiais<\/a>\u201d.<\/p>\n\n\n\n<h2 class=\"wp-block-heading\" id=\"h-conclusao\"><a><\/a>Conclus\u00e3o<\/h2>\n\n\n\n<p>A desconsidera\u00e7\u00e3o da personalidade jur\u00eddica \u00e9 um instituto jur\u00eddico que prev\u00ea a relativiza\u00e7\u00e3o da autonomia da personalidade jur\u00eddica de uma empresa, organiza\u00e7\u00e3o ou outro tipo de pessoa jur\u00eddica com a finalidade de atribuir responsabilidades aos seus administradores e s\u00f3cios. Sendo assim, trata-se de um importante instrumento para o exerc\u00edcio da atividade empresarial.<\/p>\n\n\n\n<p>Uma situa\u00e7\u00e3o abusiva da autonomia patrimonial ocorre quando s\u00f3cios e administradores n\u00e3o deixam na sociedade bens suficientes para o pagamento das d\u00edvidas da pessoa jur\u00eddica.<\/p>\n\n\n\n<p>O incidente est\u00e1 previsto tanto no C\u00f3digo Civil (Teoria Maior) quanto no C\u00f3digo de Defesa do Consumidor (Teoria Menor), devendo-se ser utilizada aquela concep\u00e7\u00e3o que for adequada \u00e0 situa\u00e7\u00e3o em quest\u00e3o e cumprindo-se os requisitos, que s\u00e3o distintos.<\/p>\n\n\n\n<p>Dada a relev\u00e2ncia da mat\u00e9ria, \u00e9 muito importante estar informado sobre as suas teorias, a legisla\u00e7\u00e3o e as aplica\u00e7\u00f5es do instituto.<\/p>\n","protected":false},"excerpt":{"rendered":"<p>Voc\u00ea sabia que existem casos em que o patrim\u00f4nio dos s\u00f3cios e administradores de uma empresa pode ser usado para satisfazer um credor ou um consumidor lesado? Esse fen\u00f4meno se chama desconsidera\u00e7\u00e3o da personalidade jur\u00eddica e est\u00e1 previsto na legisla\u00e7\u00e3o brasileira. Quem tem alguma familiaridade com o meio jur\u00eddico provavelmente j\u00e1 leu ou ouviu o [&hellip;]<\/p>\n","protected":false},"author":5,"featured_media":32930,"comment_status":"open","ping_status":"open","sticky":false,"template":"","format":"standard","meta":{"footnotes":""},"categories":[6],"tags":[3204,2533,16,3316,2404],"class_list":["post-18384","post","type-post","status-publish","format-standard","has-post-thumbnail","hentry","category-outros","tag-empresa","tag-empresa-privada","tag-garantia-judicial","tag-novo-codigo-civil-2015","tag-pessoas-juridicas"],"yoast_head":"<!-- This site is optimized with the Yoast SEO Premium plugin v27.2 (Yoast SEO v27.5) - https:\/\/yoast.com\/product\/yoast-seo-premium-wordpress\/ -->\n<title>Desconsidera\u00e7\u00e3o da personalidade jur\u00eddica: tudo sobre o tema<\/title>\n<meta name=\"description\" content=\"A desconsidera\u00e7\u00e3o da personalidade jur\u00eddica est\u00e1 prevista na legisla\u00e7\u00e3o brasileira e reconhece a relatividade da PJ nas sociedades.\" \/>\n<meta name=\"robots\" content=\"index, follow, max-snippet:-1, max-image-preview:large, max-video-preview:-1\" \/>\n<link rel=\"canonical\" href=\"https:\/\/www.mutuus.net\/blog\/desconsideracao-da-personalidade-juridica\/\" \/>\n<meta property=\"og:locale\" content=\"pt_BR\" \/>\n<meta property=\"og:type\" content=\"article\" \/>\n<meta property=\"og:title\" content=\"Desconsidera\u00e7\u00e3o da personalidade jur\u00eddica: o que \u00e9 e quando ocorre?\" \/>\n<meta property=\"og:description\" content=\"Voc\u00ea sabia que existem casos em que o patrim\u00f4nio dos s\u00f3cios e administradores de uma empresa pode ser usado para satisfazer um credor ou um consumidor\" \/>\n<meta property=\"og:url\" content=\"https:\/\/www.mutuus.net\/blog\/desconsideracao-da-personalidade-juridica\/\" \/>\n<meta property=\"og:site_name\" content=\"Mutuus Seguros\" \/>\n<meta property=\"article:publisher\" content=\"http:\/\/facebook.com\/mutuus.seguros\" \/>\n<meta property=\"article:published_time\" content=\"2023-12-12T12:48:06+00:00\" \/>\n<meta property=\"article:modified_time\" content=\"2025-09-04T13:50:38+00:00\" \/>\n<meta property=\"og:image\" content=\"https:\/\/www.mutuus.net\/blog\/wp-content\/uploads\/Desconsideracao-da-personalidade-juridica-o-que-e-e-quando-ocorre.webp\" \/>\n\t<meta property=\"og:image:width\" content=\"1920\" \/>\n\t<meta property=\"og:image:height\" content=\"720\" \/>\n\t<meta property=\"og:image:type\" content=\"image\/webp\" \/>\n<meta name=\"author\" content=\"Jaqueline Crestani\" \/>\n<meta name=\"twitter:card\" content=\"summary_large_image\" \/>\n<meta name=\"twitter:label1\" content=\"Escrito por\" \/>\n\t<meta name=\"twitter:data1\" content=\"Jaqueline Crestani\" \/>\n\t<meta name=\"twitter:label2\" content=\"Est. tempo de leitura\" \/>\n\t<meta name=\"twitter:data2\" content=\"12 minutos\" \/>\n<!-- \/ Yoast SEO Premium plugin. -->","yoast_head_json":{"title":"Desconsidera\u00e7\u00e3o da personalidade jur\u00eddica: tudo sobre o tema","description":"A desconsidera\u00e7\u00e3o da personalidade jur\u00eddica est\u00e1 prevista na legisla\u00e7\u00e3o brasileira e reconhece a relatividade da PJ nas sociedades.","robots":{"index":"index","follow":"follow","max-snippet":"max-snippet:-1","max-image-preview":"max-image-preview:large","max-video-preview":"max-video-preview:-1"},"canonical":"https:\/\/www.mutuus.net\/blog\/desconsideracao-da-personalidade-juridica\/","og_locale":"pt_BR","og_type":"article","og_title":"Desconsidera\u00e7\u00e3o da personalidade jur\u00eddica: o que \u00e9 e quando ocorre?","og_description":"Voc\u00ea sabia que existem casos em que o patrim\u00f4nio dos s\u00f3cios e administradores de uma empresa pode ser usado para satisfazer um credor ou um consumidor","og_url":"https:\/\/www.mutuus.net\/blog\/desconsideracao-da-personalidade-juridica\/","og_site_name":"Mutuus Seguros","article_publisher":"http:\/\/facebook.com\/mutuus.seguros","article_published_time":"2023-12-12T12:48:06+00:00","article_modified_time":"2025-09-04T13:50:38+00:00","og_image":[{"width":1920,"height":720,"url":"https:\/\/www.mutuus.net\/blog\/wp-content\/uploads\/Desconsideracao-da-personalidade-juridica-o-que-e-e-quando-ocorre.webp","type":"image\/webp"}],"author":"Jaqueline Crestani","twitter_card":"summary_large_image","twitter_misc":{"Escrito por":"Jaqueline Crestani","Est. tempo de leitura":"12 minutos"},"schema":{"@context":"https:\/\/schema.org","@graph":[{"@type":"Article","@id":"https:\/\/www.mutuus.net\/blog\/desconsideracao-da-personalidade-juridica\/#article","isPartOf":{"@id":"https:\/\/www.mutuus.net\/blog\/desconsideracao-da-personalidade-juridica\/"},"author":{"name":"Jaqueline Crestani","@id":"https:\/\/www.mutuus.net\/blog\/#\/schema\/person\/b9f08d5526d8b2b8bb623b94daa6ee7f"},"headline":"Desconsidera\u00e7\u00e3o da personalidade jur\u00eddica: o que \u00e9 e quando ocorre?","datePublished":"2023-12-12T12:48:06+00:00","dateModified":"2025-09-04T13:50:38+00:00","mainEntityOfPage":{"@id":"https:\/\/www.mutuus.net\/blog\/desconsideracao-da-personalidade-juridica\/"},"wordCount":2369,"commentCount":0,"publisher":{"@id":"https:\/\/www.mutuus.net\/blog\/#organization"},"image":{"@id":"https:\/\/www.mutuus.net\/blog\/desconsideracao-da-personalidade-juridica\/#primaryimage"},"thumbnailUrl":"https:\/\/www.mutuus.net\/blog\/wp-content\/uploads\/Desconsideracao-da-personalidade-juridica-o-que-e-e-quando-ocorre.webp","keywords":["empresa","Empresa privada","Garantia Judicial","novo c\u00f3digo civil 2015","pessoas jur\u00eddicas"],"articleSection":["outros"],"inLanguage":"pt-BR","potentialAction":[{"@type":"CommentAction","name":"Comment","target":["https:\/\/www.mutuus.net\/blog\/desconsideracao-da-personalidade-juridica\/#respond"]}]},{"@type":"WebPage","@id":"https:\/\/www.mutuus.net\/blog\/desconsideracao-da-personalidade-juridica\/","url":"https:\/\/www.mutuus.net\/blog\/desconsideracao-da-personalidade-juridica\/","name":"Desconsidera\u00e7\u00e3o da personalidade jur\u00eddica: tudo sobre o tema","isPartOf":{"@id":"https:\/\/www.mutuus.net\/blog\/#website"},"primaryImageOfPage":{"@id":"https:\/\/www.mutuus.net\/blog\/desconsideracao-da-personalidade-juridica\/#primaryimage"},"image":{"@id":"https:\/\/www.mutuus.net\/blog\/desconsideracao-da-personalidade-juridica\/#primaryimage"},"thumbnailUrl":"https:\/\/www.mutuus.net\/blog\/wp-content\/uploads\/Desconsideracao-da-personalidade-juridica-o-que-e-e-quando-ocorre.webp","datePublished":"2023-12-12T12:48:06+00:00","dateModified":"2025-09-04T13:50:38+00:00","description":"A desconsidera\u00e7\u00e3o da personalidade jur\u00eddica est\u00e1 prevista na legisla\u00e7\u00e3o brasileira e reconhece a relatividade da PJ nas sociedades.","breadcrumb":{"@id":"https:\/\/www.mutuus.net\/blog\/desconsideracao-da-personalidade-juridica\/#breadcrumb"},"inLanguage":"pt-BR","potentialAction":[{"@type":"ReadAction","target":["https:\/\/www.mutuus.net\/blog\/desconsideracao-da-personalidade-juridica\/"]}]},{"@type":"ImageObject","inLanguage":"pt-BR","@id":"https:\/\/www.mutuus.net\/blog\/desconsideracao-da-personalidade-juridica\/#primaryimage","url":"https:\/\/www.mutuus.net\/blog\/wp-content\/uploads\/Desconsideracao-da-personalidade-juridica-o-que-e-e-quando-ocorre.webp","contentUrl":"https:\/\/www.mutuus.net\/blog\/wp-content\/uploads\/Desconsideracao-da-personalidade-juridica-o-que-e-e-quando-ocorre.webp","width":1920,"height":720,"caption":"O que significa desconsidera\u00e7\u00e3o da personalidade jur\u00eddica? Na imagem, balan\u00e7a da justi\u00e7a com bonecos representa a desconsidera\u00e7\u00e3o da personalidade jur\u00eddica, que pode acontecer em casos espec\u00edficos"},{"@type":"BreadcrumbList","@id":"https:\/\/www.mutuus.net\/blog\/desconsideracao-da-personalidade-juridica\/#breadcrumb","itemListElement":[{"@type":"ListItem","position":1,"name":"Home","item":"https:\/\/www.mutuus.net\/blog\/"},{"@type":"ListItem","position":2,"name":"Desconsidera\u00e7\u00e3o da personalidade jur\u00eddica: o que \u00e9 e quando ocorre?"}]},{"@type":"WebSite","@id":"https:\/\/www.mutuus.net\/blog\/#website","url":"https:\/\/www.mutuus.net\/blog\/","name":"Mutuus Seguros","description":"Cote, compare, compre e gerencie todos os seguros de sua empresa","publisher":{"@id":"https:\/\/www.mutuus.net\/blog\/#organization"},"potentialAction":[{"@type":"SearchAction","target":{"@type":"EntryPoint","urlTemplate":"https:\/\/www.mutuus.net\/blog\/?s={search_term_string}"},"query-input":{"@type":"PropertyValueSpecification","valueRequired":true,"valueName":"search_term_string"}}],"inLanguage":"pt-BR"},{"@type":"Organization","@id":"https:\/\/www.mutuus.net\/blog\/#organization","name":"Mutuus Seguros","alternateName":"Mutuus","url":"https:\/\/www.mutuus.net\/blog\/","logo":{"@type":"ImageObject","inLanguage":"pt-BR","@id":"https:\/\/www.mutuus.net\/blog\/#\/schema\/logo\/image\/","url":"https:\/\/www.mutuus.net\/blog\/wp-content\/uploads\/logo-mutuus-seguros_1200x728.png","contentUrl":"https:\/\/www.mutuus.net\/blog\/wp-content\/uploads\/logo-mutuus-seguros_1200x728.png","width":1200,"height":729,"caption":"Mutuus Seguros"},"image":{"@id":"https:\/\/www.mutuus.net\/blog\/#\/schema\/logo\/image\/"},"sameAs":["http:\/\/facebook.com\/mutuus.seguros","https:\/\/www.instagram.com\/mutuus.seguros","https:\/\/www.linkedin.com\/company\/mutuus\/"],"email":"seguros@mutuus.net","telephone":"3003-8387","foundingDate":"2018-01-01","vatID":"08246344000197"},{"@type":"Person","@id":"https:\/\/www.mutuus.net\/blog\/#\/schema\/person\/b9f08d5526d8b2b8bb623b94daa6ee7f","name":"Jaqueline Crestani"}]}},"_links":{"self":[{"href":"https:\/\/www.mutuus.net\/blog\/wp-json\/wp\/v2\/posts\/18384","targetHints":{"allow":["GET"]}}],"collection":[{"href":"https:\/\/www.mutuus.net\/blog\/wp-json\/wp\/v2\/posts"}],"about":[{"href":"https:\/\/www.mutuus.net\/blog\/wp-json\/wp\/v2\/types\/post"}],"author":[{"embeddable":true,"href":"https:\/\/www.mutuus.net\/blog\/wp-json\/wp\/v2\/users\/5"}],"replies":[{"embeddable":true,"href":"https:\/\/www.mutuus.net\/blog\/wp-json\/wp\/v2\/comments?post=18384"}],"version-history":[{"count":5,"href":"https:\/\/www.mutuus.net\/blog\/wp-json\/wp\/v2\/posts\/18384\/revisions"}],"predecessor-version":[{"id":32934,"href":"https:\/\/www.mutuus.net\/blog\/wp-json\/wp\/v2\/posts\/18384\/revisions\/32934"}],"wp:featuredmedia":[{"embeddable":true,"href":"https:\/\/www.mutuus.net\/blog\/wp-json\/wp\/v2\/media\/32930"}],"wp:attachment":[{"href":"https:\/\/www.mutuus.net\/blog\/wp-json\/wp\/v2\/media?parent=18384"}],"wp:term":[{"taxonomy":"category","embeddable":true,"href":"https:\/\/www.mutuus.net\/blog\/wp-json\/wp\/v2\/categories?post=18384"},{"taxonomy":"post_tag","embeddable":true,"href":"https:\/\/www.mutuus.net\/blog\/wp-json\/wp\/v2\/tags?post=18384"}],"curies":[{"name":"wp","href":"https:\/\/api.w.org\/{rel}","templated":true}]}}