{"id":132,"date":"2021-07-22T09:46:12","date_gmt":"2021-07-22T12:46:12","guid":{"rendered":"http:\/\/blog.mutuus.net\/?p=132"},"modified":"2024-10-17T10:22:40","modified_gmt":"2024-10-17T13:22:40","slug":"transporte-de-cargas-quem-responde-pelos-prejuizos","status":"publish","type":"post","link":"https:\/\/www.mutuus.net\/blog\/transporte-de-cargas-quem-responde-pelos-prejuizos\/","title":{"rendered":"Preju\u00edzos do transporte de cargas: quem responde por eles?"},"content":{"rendered":"\n<p>Para esclarecer quem responde pelos preju\u00edzos do <a href=\"https:\/\/www.mutuus.net\/blog\/transporte-de-carga\/\" target=\"_blank\" rel=\"noreferrer noopener\">transporte de cargas<\/a>, o nosso C\u00f3digo Civil, em seu artigo 749, estabelece que o transportador dever\u00e1 conduzir o produto com as devidas cautelas no intuito de preservar o seu perfeito estado, bem como, entregar no prazo estipulado.<\/p>\n\n\n\n<figure class=\"wp-block-image size-full is-resized\"><img fetchpriority=\"high\" decoding=\"async\" src=\"https:\/\/www.mutuus.net\/blog\/wp-content\/uploads\/prejuizo-no-transporte-de-cargas.jpg\" alt=\"Preju\u00edzo no transporte de cargas\" class=\"wp-image-6985\" width=\"921\" height=\"388\" srcset=\"https:\/\/www.mutuus.net\/blog\/wp-content\/uploads\/prejuizo-no-transporte-de-cargas.jpg 665w, https:\/\/www.mutuus.net\/blog\/wp-content\/uploads\/prejuizo-no-transporte-de-cargas-300x126.jpg 300w, https:\/\/www.mutuus.net\/blog\/wp-content\/uploads\/prejuizo-no-transporte-de-cargas-150x63.jpg 150w\" sizes=\"(max-width: 921px) 100vw, 921px\" \/><\/figure>\n\n\n\n<p>Consequentemente, o artigo 750, do C\u00f3digo Civil, determina que a responsabilidade do transportador inicia-se no momento em que ele recebe o produto e termina quando ele o entrega ao destinat\u00e1rio final.<\/p>\n\n\n\n<p>A mesma lei, em seu artigo 7\u00ba, inciso II, estabelece que o transportador assume perante o contratante a responsabilidade pelos preju\u00edzos resultante de perdas, avarias, danos e atraso de entrega.<\/p>\n\n\n\n<p>Sendo assim, no momento em que o transportador recebe o produto, \u00e9 dele a <a href=\"https:\/\/www.mutuus.net\/blog\/seguro-transporte-tudo-que-voce-precisa-saber-antes-de-contratar\/\" target=\"_blank\" rel=\"noreferrer noopener\">responsabilidade em caso de dano<\/a> e \u00e9 quem responde pelos preju\u00edzos do transporte de cargas.<\/p>\n\n\n\n<p>Melhor estar seguro!<\/p>\n\n\n\n<div class=\"wp-block-buttons is-layout-flex wp-block-buttons-is-layout-flex\">\n<div class=\"wp-block-button\"><a class=\"wp-block-button__link has-white-color has-text-color has-background\" href=\"https:\/\/www.mutuus.net\/seguro-de-carga?utm_source=mutuus&amp;utm_medium=blog-post&amp;utm_campaign=transporte-de-cargas-quem-responde-pelos-prejuizos&amp;utm_term=&amp;utm_content=\" style=\"border-radius:8px;background-color:#eb6662\" target=\"_blank\" rel=\"noreferrer noopener\">COTE AGORA O SEU SEGURO DE CARGA<\/a><\/div>\n<\/div>\n\n\n\n<p><\/p>\n","protected":false},"excerpt":{"rendered":"<p>Para esclarecer quem responde pelos preju\u00edzos do transporte de cargas, o nosso C\u00f3digo Civil, em seu artigo 749, estabelece que o transportador dever\u00e1 conduzir o produto com as devidas cautelas no intuito de preservar o seu perfeito estado, bem como, entregar no prazo estipulado. Consequentemente, o artigo 750, do C\u00f3digo Civil, determina que a responsabilidade [&hellip;]<\/p>\n","protected":false},"author":3,"featured_media":4676,"comment_status":"open","ping_status":"open","sticky":false,"template":"","format":"standard","meta":{"footnotes":""},"categories":[3],"tags":[1791,37],"class_list":["post-132","post","type-post","status-publish","format-standard","has-post-thumbnail","hentry","category-seguro-de-carga","tag-seguro-de-carga","tag-transportador"],"yoast_head":"<!-- This site is optimized with the Yoast SEO Premium plugin v27.2 (Yoast SEO v27.4) - https:\/\/yoast.com\/product\/yoast-seo-premium-wordpress\/ -->\n<title>Preju\u00edzos do transporte de cargas: saiba quem responde por eles<\/title>\n<meta name=\"description\" content=\"Preju\u00edzos do transporte de cargas: entenda quem responde por eles e como se proteger. Saiba mais sobre preju\u00edzos do transporte de cargas.\" \/>\n<meta name=\"robots\" content=\"index, follow, max-snippet:-1, max-image-preview:large, max-video-preview:-1\" \/>\n<link rel=\"canonical\" href=\"https:\/\/www.mutuus.net\/blog\/transporte-de-cargas-quem-responde-pelos-prejuizos\/\" \/>\n<meta property=\"og:locale\" content=\"pt_BR\" \/>\n<meta property=\"og:type\" content=\"article\" \/>\n<meta property=\"og:title\" content=\"Preju\u00edzos do transporte de cargas: quem responde por eles?\" \/>\n<meta property=\"og:description\" content=\"Para esclarecer quem responde pelos preju\u00edzos do transporte de cargas, o nosso C\u00f3digo Civil, em seu artigo 749, estabelece que o transportador dever\u00e1\" \/>\n<meta property=\"og:url\" content=\"https:\/\/www.mutuus.net\/blog\/transporte-de-cargas-quem-responde-pelos-prejuizos\/\" \/>\n<meta property=\"og:site_name\" content=\"Mutuus Seguros\" \/>\n<meta property=\"article:publisher\" content=\"http:\/\/facebook.com\/mutuus.seguros\" \/>\n<meta property=\"article:published_time\" content=\"2021-07-22T12:46:12+00:00\" \/>\n<meta property=\"article:modified_time\" content=\"2024-10-17T13:22:40+00:00\" \/>\n<meta property=\"og:image\" content=\"https:\/\/www.mutuus.net\/blog\/wp-content\/uploads\/Prejuizos-do-transporte-de-cargas-quem-responde-por-eles-mutuus.jpg\" \/>\n\t<meta property=\"og:image:width\" content=\"1920\" \/>\n\t<meta property=\"og:image:height\" content=\"720\" \/>\n\t<meta property=\"og:image:type\" content=\"image\/jpeg\" \/>\n<meta name=\"author\" content=\"Andress da Rocha Bar\u00e3o\" \/>\n<meta name=\"twitter:card\" content=\"summary_large_image\" \/>\n<meta name=\"twitter:label1\" content=\"Escrito por\" \/>\n\t<meta name=\"twitter:data1\" content=\"Andress da Rocha Bar\u00e3o\" \/>\n\t<meta name=\"twitter:label2\" content=\"Est. tempo de leitura\" \/>\n\t<meta name=\"twitter:data2\" content=\"2 minutos\" \/>\n<!-- \/ Yoast SEO Premium plugin. -->","yoast_head_json":{"title":"Preju\u00edzos do transporte de cargas: saiba quem responde por eles","description":"Preju\u00edzos do transporte de cargas: entenda quem responde por eles e como se proteger. Saiba mais sobre preju\u00edzos do transporte de cargas.","robots":{"index":"index","follow":"follow","max-snippet":"max-snippet:-1","max-image-preview":"max-image-preview:large","max-video-preview":"max-video-preview:-1"},"canonical":"https:\/\/www.mutuus.net\/blog\/transporte-de-cargas-quem-responde-pelos-prejuizos\/","og_locale":"pt_BR","og_type":"article","og_title":"Preju\u00edzos do transporte de cargas: quem responde por eles?","og_description":"Para esclarecer quem responde pelos preju\u00edzos do transporte de cargas, o nosso C\u00f3digo Civil, em seu artigo 749, estabelece que o transportador dever\u00e1","og_url":"https:\/\/www.mutuus.net\/blog\/transporte-de-cargas-quem-responde-pelos-prejuizos\/","og_site_name":"Mutuus Seguros","article_publisher":"http:\/\/facebook.com\/mutuus.seguros","article_published_time":"2021-07-22T12:46:12+00:00","article_modified_time":"2024-10-17T13:22:40+00:00","og_image":[{"width":1920,"height":720,"url":"https:\/\/www.mutuus.net\/blog\/wp-content\/uploads\/Prejuizos-do-transporte-de-cargas-quem-responde-por-eles-mutuus.jpg","type":"image\/jpeg"}],"author":"Andress da Rocha Bar\u00e3o","twitter_card":"summary_large_image","twitter_misc":{"Escrito por":"Andress da Rocha Bar\u00e3o","Est. tempo de leitura":"2 minutos"},"schema":{"@context":"https:\/\/schema.org","@graph":[{"@type":"Article","@id":"https:\/\/www.mutuus.net\/blog\/transporte-de-cargas-quem-responde-pelos-prejuizos\/#article","isPartOf":{"@id":"https:\/\/www.mutuus.net\/blog\/transporte-de-cargas-quem-responde-pelos-prejuizos\/"},"author":{"name":"Andress da Rocha Bar\u00e3o","@id":"https:\/\/www.mutuus.net\/blog\/#\/schema\/person\/d6af82ef90dc23f57ca1c4b5d0f2391c"},"headline":"Preju\u00edzos do transporte de cargas: quem responde por eles?","datePublished":"2021-07-22T12:46:12+00:00","dateModified":"2024-10-17T13:22:40+00:00","mainEntityOfPage":{"@id":"https:\/\/www.mutuus.net\/blog\/transporte-de-cargas-quem-responde-pelos-prejuizos\/"},"wordCount":155,"commentCount":0,"publisher":{"@id":"https:\/\/www.mutuus.net\/blog\/#organization"},"image":{"@id":"https:\/\/www.mutuus.net\/blog\/transporte-de-cargas-quem-responde-pelos-prejuizos\/#primaryimage"},"thumbnailUrl":"https:\/\/www.mutuus.net\/blog\/wp-content\/uploads\/Prejuizos-do-transporte-de-cargas-quem-responde-por-eles-mutuus.jpg","keywords":["Seguro de carga","Transportador"],"articleSection":["Seguro de carga"],"inLanguage":"pt-BR","potentialAction":[{"@type":"CommentAction","name":"Comment","target":["https:\/\/www.mutuus.net\/blog\/transporte-de-cargas-quem-responde-pelos-prejuizos\/#respond"]}]},{"@type":"WebPage","@id":"https:\/\/www.mutuus.net\/blog\/transporte-de-cargas-quem-responde-pelos-prejuizos\/","url":"https:\/\/www.mutuus.net\/blog\/transporte-de-cargas-quem-responde-pelos-prejuizos\/","name":"Preju\u00edzos do transporte de cargas: saiba quem responde por eles","isPartOf":{"@id":"https:\/\/www.mutuus.net\/blog\/#website"},"primaryImageOfPage":{"@id":"https:\/\/www.mutuus.net\/blog\/transporte-de-cargas-quem-responde-pelos-prejuizos\/#primaryimage"},"image":{"@id":"https:\/\/www.mutuus.net\/blog\/transporte-de-cargas-quem-responde-pelos-prejuizos\/#primaryimage"},"thumbnailUrl":"https:\/\/www.mutuus.net\/blog\/wp-content\/uploads\/Prejuizos-do-transporte-de-cargas-quem-responde-por-eles-mutuus.jpg","datePublished":"2021-07-22T12:46:12+00:00","dateModified":"2024-10-17T13:22:40+00:00","description":"Preju\u00edzos do transporte de cargas: entenda quem responde por eles e como se proteger. Saiba mais sobre preju\u00edzos do transporte de cargas.","breadcrumb":{"@id":"https:\/\/www.mutuus.net\/blog\/transporte-de-cargas-quem-responde-pelos-prejuizos\/#breadcrumb"},"inLanguage":"pt-BR","potentialAction":[{"@type":"ReadAction","target":["https:\/\/www.mutuus.net\/blog\/transporte-de-cargas-quem-responde-pelos-prejuizos\/"]}]},{"@type":"ImageObject","inLanguage":"pt-BR","@id":"https:\/\/www.mutuus.net\/blog\/transporte-de-cargas-quem-responde-pelos-prejuizos\/#primaryimage","url":"https:\/\/www.mutuus.net\/blog\/wp-content\/uploads\/Prejuizos-do-transporte-de-cargas-quem-responde-por-eles-mutuus.jpg","contentUrl":"https:\/\/www.mutuus.net\/blog\/wp-content\/uploads\/Prejuizos-do-transporte-de-cargas-quem-responde-por-eles-mutuus.jpg","width":1920,"height":720,"caption":"Preju\u00edzos-do-transporte-de-cargas-quem-responde-por-eles-mutuus"},{"@type":"BreadcrumbList","@id":"https:\/\/www.mutuus.net\/blog\/transporte-de-cargas-quem-responde-pelos-prejuizos\/#breadcrumb","itemListElement":[{"@type":"ListItem","position":1,"name":"Home","item":"https:\/\/www.mutuus.net\/blog\/"},{"@type":"ListItem","position":2,"name":"Preju\u00edzos do transporte de cargas: quem responde por eles?"}]},{"@type":"WebSite","@id":"https:\/\/www.mutuus.net\/blog\/#website","url":"https:\/\/www.mutuus.net\/blog\/","name":"Mutuus Seguros","description":"Cote, compare, compre e gerencie todos os seguros de sua empresa","publisher":{"@id":"https:\/\/www.mutuus.net\/blog\/#organization"},"potentialAction":[{"@type":"SearchAction","target":{"@type":"EntryPoint","urlTemplate":"https:\/\/www.mutuus.net\/blog\/?s={search_term_string}"},"query-input":{"@type":"PropertyValueSpecification","valueRequired":true,"valueName":"search_term_string"}}],"inLanguage":"pt-BR"},{"@type":"Organization","@id":"https:\/\/www.mutuus.net\/blog\/#organization","name":"Mutuus Seguros","alternateName":"Mutuus","url":"https:\/\/www.mutuus.net\/blog\/","logo":{"@type":"ImageObject","inLanguage":"pt-BR","@id":"https:\/\/www.mutuus.net\/blog\/#\/schema\/logo\/image\/","url":"https:\/\/www.mutuus.net\/blog\/wp-content\/uploads\/logo-mutuus-seguros_1200x728.png","contentUrl":"https:\/\/www.mutuus.net\/blog\/wp-content\/uploads\/logo-mutuus-seguros_1200x728.png","width":1200,"height":729,"caption":"Mutuus Seguros"},"image":{"@id":"https:\/\/www.mutuus.net\/blog\/#\/schema\/logo\/image\/"},"sameAs":["http:\/\/facebook.com\/mutuus.seguros","https:\/\/www.instagram.com\/mutuus.seguros","https:\/\/www.linkedin.com\/company\/mutuus\/"],"email":"seguros@mutuus.net","telephone":"3003-8387","foundingDate":"2018-01-01","vatID":"08246344000197"},{"@type":"Person","@id":"https:\/\/www.mutuus.net\/blog\/#\/schema\/person\/d6af82ef90dc23f57ca1c4b5d0f2391c","name":"Andress da Rocha Bar\u00e3o"}]}},"_links":{"self":[{"href":"https:\/\/www.mutuus.net\/blog\/wp-json\/wp\/v2\/posts\/132","targetHints":{"allow":["GET"]}}],"collection":[{"href":"https:\/\/www.mutuus.net\/blog\/wp-json\/wp\/v2\/posts"}],"about":[{"href":"https:\/\/www.mutuus.net\/blog\/wp-json\/wp\/v2\/types\/post"}],"author":[{"embeddable":true,"href":"https:\/\/www.mutuus.net\/blog\/wp-json\/wp\/v2\/users\/3"}],"replies":[{"embeddable":true,"href":"https:\/\/www.mutuus.net\/blog\/wp-json\/wp\/v2\/comments?post=132"}],"version-history":[{"count":2,"href":"https:\/\/www.mutuus.net\/blog\/wp-json\/wp\/v2\/posts\/132\/revisions"}],"predecessor-version":[{"id":6986,"href":"https:\/\/www.mutuus.net\/blog\/wp-json\/wp\/v2\/posts\/132\/revisions\/6986"}],"wp:featuredmedia":[{"embeddable":true,"href":"https:\/\/www.mutuus.net\/blog\/wp-json\/wp\/v2\/media\/4676"}],"wp:attachment":[{"href":"https:\/\/www.mutuus.net\/blog\/wp-json\/wp\/v2\/media?parent=132"}],"wp:term":[{"taxonomy":"category","embeddable":true,"href":"https:\/\/www.mutuus.net\/blog\/wp-json\/wp\/v2\/categories?post=132"},{"taxonomy":"post_tag","embeddable":true,"href":"https:\/\/www.mutuus.net\/blog\/wp-json\/wp\/v2\/tags?post=132"}],"curies":[{"name":"wp","href":"https:\/\/api.w.org\/{rel}","templated":true}]}}